{"id":3630,"date":"2023-11-27T19:17:44","date_gmt":"2023-11-27T18:17:44","guid":{"rendered":"https:\/\/orefugionasvinhas.com\/?p=3630"},"modified":"2023-12-01T17:12:01","modified_gmt":"2023-12-01T16:12:01","slug":"energie","status":"publish","type":"post","link":"https:\/\/orefugionasvinhas.com\/fr\/energie\/","title":{"rendered":"\u00c9nergie ++"},"content":{"rendered":"\t\t<div data-elementor-type=\"wp-post\" data-elementor-id=\"3630\" class=\"elementor elementor-3630\" data-elementor-post-type=\"post\">\n\t\t\t\t\t\t<section class=\"elementor-section elementor-top-section elementor-element elementor-element-53af6630 elementor-section-full_width elementor-section-stretched elementor-section-height-default elementor-section-height-default\" data-id=\"53af6630\" data-element_type=\"section\" data-settings=\"{&quot;stretch_section&quot;:&quot;section-stretched&quot;,&quot;background_background&quot;:&quot;classic&quot;}\">\n\t\t\t\t\t\t<div class=\"elementor-container elementor-column-gap-no\">\n\t\t\t\t\t<div class=\"elementor-column elementor-col-100 elementor-top-column elementor-element elementor-element-1a962d25\" data-id=\"1a962d25\" data-element_type=\"column\">\n\t\t\t<div class=\"elementor-widget-wrap elementor-element-populated\">\n\t\t\t\t\t\t<div class=\"elementor-element elementor-element-ddc30c3 elementor--h-position-center elementor--v-position-middle elementor-arrows-position-inside elementor-pagination-position-inside elementor-widget elementor-widget-slides\" data-id=\"ddc30c3\" data-element_type=\"widget\" data-settings=\"{&quot;navigation&quot;:&quot;both&quot;,&quot;autoplay&quot;:&quot;yes&quot;,&quot;pause_on_hover&quot;:&quot;yes&quot;,&quot;pause_on_interaction&quot;:&quot;yes&quot;,&quot;autoplay_speed&quot;:5000,&quot;infinite&quot;:&quot;yes&quot;,&quot;transition&quot;:&quot;slide&quot;,&quot;transition_speed&quot;:500}\" data-widget_type=\"slides.default\">\n\t\t\t\t<div class=\"elementor-widget-container\">\n\t\t\t\t\t<div class=\"elementor-swiper\">\n\t\t\t<div class=\"elementor-slides-wrapper elementor-main-swiper swiper\" dir=\"ltr\" data-animation=\"fadeInUp\">\n\t\t\t\t<div class=\"swiper-wrapper elementor-slides\">\n\t\t\t\t\t\t\t\t\t\t<div class=\"elementor-repeater-item-a547e5d swiper-slide\"><div class=\"swiper-slide-bg elementor-ken-burns elementor-ken-burns--in\" role=\"img\"><\/div><div class=\"elementor-background-overlay\"><\/div><div class=\"swiper-slide-inner\" ><div class=\"swiper-slide-contents\"><div class=\"elementor-slide-heading\">\u00c9nergie ++<\/div><\/div><\/div><\/div>\t\t\t\t<\/div>\n\t\t\t\t\t\t\t<\/div>\n\t\t<\/div>\n\t\t\t\t<\/div>\n\t\t\t\t<\/div>\n\t\t\t\t\t<\/div>\n\t\t<\/div>\n\t\t\t\t\t<\/div>\n\t\t<\/section>\n\t\t\t\t<section class=\"elementor-section elementor-top-section elementor-element elementor-element-7e6e2bd5 elementor-section-boxed elementor-section-height-default elementor-section-height-default\" data-id=\"7e6e2bd5\" data-element_type=\"section\">\n\t\t\t\t\t\t<div class=\"elementor-container elementor-column-gap-default\">\n\t\t\t\t\t<div class=\"elementor-column elementor-col-50 elementor-top-column elementor-element elementor-element-1837e00f\" data-id=\"1837e00f\" data-element_type=\"column\">\n\t\t\t<div class=\"elementor-widget-wrap elementor-element-populated\">\n\t\t\t\t\t\t<div class=\"elementor-element elementor-element-63e16385 elementor-icon-list--layout-inline elementor-list-item-link-full_width elementor-widget elementor-widget-icon-list\" data-id=\"63e16385\" data-element_type=\"widget\" data-widget_type=\"icon-list.default\">\n\t\t\t\t<div class=\"elementor-widget-container\">\n\t\t\t\t\t<ul class=\"elementor-icon-list-items elementor-inline-items\">\n\t\t\t\t\t\t\t<li class=\"elementor-icon-list-item elementor-inline-item\">\n\t\t\t\t\t\t\t\t\t\t\t<span class=\"elementor-icon-list-icon\">\n\t\t\t\t\t\t\t<i aria-hidden=\"true\" class=\"fas fa-user-friends\"><\/i>\t\t\t\t\t\t<\/span>\n\t\t\t\t\t\t\t\t\t\t<span class=\"elementor-icon-list-text\">2-4 Personnes<\/span>\n\t\t\t\t\t\t\t\t\t<\/li>\n\t\t\t\t\t\t\t\t<li class=\"elementor-icon-list-item elementor-inline-item\">\n\t\t\t\t\t\t\t\t\t\t\t<span class=\"elementor-icon-list-icon\">\n\t\t\t\t\t\t\t<i aria-hidden=\"true\" class=\"fas fa-coffee\"><\/i>\t\t\t\t\t\t<\/span>\n\t\t\t\t\t\t\t\t\t\t<span class=\"elementor-icon-list-text\">Petit-d\u00e9jeuner <\/span>\n\t\t\t\t\t\t\t\t\t<\/li>\n\t\t\t\t\t\t\t\t<li class=\"elementor-icon-list-item elementor-inline-item\">\n\t\t\t\t\t\t\t\t\t\t\t<span class=\"elementor-icon-list-icon\">\n\t\t\t\t\t\t\t<i aria-hidden=\"true\" class=\"fas fa-wifi\"><\/i>\t\t\t\t\t\t<\/span>\n\t\t\t\t\t\t\t\t\t\t<span class=\"elementor-icon-list-text\">Wifi<\/span>\n\t\t\t\t\t\t\t\t\t<\/li>\n\t\t\t\t\t\t\t\t<li class=\"elementor-icon-list-item elementor-inline-item\">\n\t\t\t\t\t\t\t\t\t\t\t<span class=\"elementor-icon-list-icon\">\n\t\t\t\t\t\t\t<i aria-hidden=\"true\" class=\"fas fa-car\"><\/i>\t\t\t\t\t\t<\/span>\n\t\t\t\t\t\t\t\t\t\t<span class=\"elementor-icon-list-text\">Parking<\/span>\n\t\t\t\t\t\t\t\t\t<\/li>\n\t\t\t\t\t\t<\/ul>\n\t\t\t\t<\/div>\n\t\t\t\t<\/div>\n\t\t\t\t<div class=\"elementor-element elementor-element-46cd4e5f elementor-widget-divider--view-line elementor-widget elementor-widget-divider\" data-id=\"46cd4e5f\" data-element_type=\"widget\" data-widget_type=\"divider.default\">\n\t\t\t\t<div class=\"elementor-widget-container\">\n\t\t\t\t\t<div class=\"elementor-divider\">\n\t\t\t<span class=\"elementor-divider-separator\">\n\t\t\t\t\t\t<\/span>\n\t\t<\/div>\n\t\t\t\t<\/div>\n\t\t\t\t<\/div>\n\t\t\t\t<div class=\"elementor-element elementor-element-4e775c8e elementor-widget elementor-widget-text-editor\" data-id=\"4e775c8e\" data-element_type=\"widget\" data-widget_type=\"text-editor.default\">\n\t\t\t\t<div class=\"elementor-widget-container\">\n\t\t\t\t\t\t\t<p>Vous avez envie d\u2019un petit nettoyage de l\u2019organisme pour repartir d\u2019un bon pied ? Je peux vous proposer une semaine de cure ENERGIE ++ (du samedi au samedi). Une bonne alimentation et le repos composent principalement cette semaine. Etant hygi\u00e9niste di\u00e9t\u00e9ticienne, je vous accueillerai avec plaisir et ensemble nous mangerons \u00ab Sant\u00e9 \u00bb avec des menus tr\u00e8s simple \u00e0 dig\u00e9rer pour nettoyer votre organisme. La nourriture, le repos et la nature seront les ingr\u00e9dients de cette semaine de remise en forme. Nous verrons bien s\u00fbr ensemble vos restrictions alimentaires s\u2019il y a lieu. Je m\u2019occupe des 3 repas de la journ\u00e9e et vous g\u00e9rez votre temps entre les repas, la d\u00e9couverte des lieux et l\u2019exercice physique adapt\u00e9. Les deux maisons sont r\u00e9serv\u00e9es pour accueillir les curistes. La cure est maintenue si les deux maisons sont lou\u00e9es.<\/p>\t\t\t\t\t\t<\/div>\n\t\t\t\t<\/div>\n\t\t\t\t<div class=\"elementor-element elementor-element-500b9a6b elementor-widget-divider--view-line elementor-widget elementor-widget-divider\" data-id=\"500b9a6b\" data-element_type=\"widget\" data-widget_type=\"divider.default\">\n\t\t\t\t<div class=\"elementor-widget-container\">\n\t\t\t\t\t<div class=\"elementor-divider\">\n\t\t\t<span class=\"elementor-divider-separator\">\n\t\t\t\t\t\t<\/span>\n\t\t<\/div>\n\t\t\t\t<\/div>\n\t\t\t\t<\/div>\n\t\t\t\t<div class=\"elementor-element elementor-element-314a57a9 elementor-widget elementor-widget-heading\" data-id=\"314a57a9\" data-element_type=\"widget\" data-widget_type=\"heading.default\">\n\t\t\t\t<div class=\"elementor-widget-container\">\n\t\t\t<h2 class=\"elementor-heading-title elementor-size-default\">Galerie<\/h2>\t\t<\/div>\n\t\t\t\t<\/div>\n\t\t\t\t<div class=\"elementor-element elementor-element-6251c952 gallery-spacing-custom elementor-widget elementor-widget-image-gallery\" data-id=\"6251c952\" data-element_type=\"widget\" data-widget_type=\"image-gallery.default\">\n\t\t\t\t<div class=\"elementor-widget-container\">\n\t\t\t\t\t<div class=\"elementor-image-gallery\">\n\t\t\t<div id='gallery-1' class='gallery galleryid-3630 gallery-columns-4 gallery-size-woocommerce_thumbnail'><figure class='gallery-item'>\n\t\t\t<div class='gallery-icon portrait'>\n\t\t\t\t<a data-elementor-open-lightbox=\"yes\" data-elementor-lightbox-slideshow=\"6251c952\" data-elementor-lightbox-title=\"NR101036_web\" data-e-action-hash=\"#elementor-action%3Aaction%3Dlightbox%26settings%3DeyJpZCI6MzA2MiwidXJsIjoiaHR0cHM6XC9cL29yZWZ1Z2lvbmFzdmluaGFzLmNvbVwvd3AtY29udGVudFwvdXBsb2Fkc1wvMjAyM1wvMDVcL05SMTAxMDM2X3dlYi1zY2FsZWQuanBnIiwic2xpZGVzaG93IjoiNjI1MWM5NTIifQ%3D%3D\" href='https:\/\/orefugionasvinhas.com\/wp-content\/uploads\/2023\/05\/NR101036_web-scaled.jpg'><img fetchpriority=\"high\" decoding=\"async\" width=\"300\" height=\"300\" src=\"https:\/\/orefugionasvinhas.com\/wp-content\/uploads\/2023\/05\/NR101036_web-300x300.jpg\" class=\"attachment-woocommerce_thumbnail size-woocommerce_thumbnail\" alt=\"\" srcset=\"https:\/\/orefugionasvinhas.com\/wp-content\/uploads\/2023\/05\/NR101036_web-300x300.jpg 300w, https:\/\/orefugionasvinhas.com\/wp-content\/uploads\/2023\/05\/NR101036_web-150x150.jpg 150w, https:\/\/orefugionasvinhas.com\/wp-content\/uploads\/2023\/05\/NR101036_web-100x100.jpg 100w\" sizes=\"(max-width: 300px) 100vw, 300px\" \/><\/a>\n\t\t\t<\/div><\/figure><figure class='gallery-item'>\n\t\t\t<div class='gallery-icon landscape'>\n\t\t\t\t<a data-elementor-open-lightbox=\"yes\" data-elementor-lightbox-slideshow=\"6251c952\" data-elementor-lightbox-title=\"NR101049_web\" data-e-action-hash=\"#elementor-action%3Aaction%3Dlightbox%26settings%3DeyJpZCI6MzA2MCwidXJsIjoiaHR0cHM6XC9cL29yZWZ1Z2lvbmFzdmluaGFzLmNvbVwvd3AtY29udGVudFwvdXBsb2Fkc1wvMjAyM1wvMDVcL05SMTAxMDQ5X3dlYi1zY2FsZWQuanBnIiwic2xpZGVzaG93IjoiNjI1MWM5NTIifQ%3D%3D\" href='https:\/\/orefugionasvinhas.com\/wp-content\/uploads\/2023\/05\/NR101049_web-scaled.jpg'><img decoding=\"async\" width=\"300\" height=\"300\" src=\"https:\/\/orefugionasvinhas.com\/wp-content\/uploads\/2023\/05\/NR101049_web-300x300.jpg\" class=\"attachment-woocommerce_thumbnail size-woocommerce_thumbnail\" alt=\"\" srcset=\"https:\/\/orefugionasvinhas.com\/wp-content\/uploads\/2023\/05\/NR101049_web-300x300.jpg 300w, https:\/\/orefugionasvinhas.com\/wp-content\/uploads\/2023\/05\/NR101049_web-150x150.jpg 150w, https:\/\/orefugionasvinhas.com\/wp-content\/uploads\/2023\/05\/NR101049_web-100x100.jpg 100w\" sizes=\"(max-width: 300px) 100vw, 300px\" \/><\/a>\n\t\t\t<\/div><\/figure><figure class='gallery-item'>\n\t\t\t<div class='gallery-icon landscape'>\n\t\t\t\t<a data-elementor-open-lightbox=\"yes\" data-elementor-lightbox-slideshow=\"6251c952\" data-elementor-lightbox-title=\"NR101048_web\" data-e-action-hash=\"#elementor-action%3Aaction%3Dlightbox%26settings%3DeyJpZCI6MzA1OSwidXJsIjoiaHR0cHM6XC9cL29yZWZ1Z2lvbmFzdmluaGFzLmNvbVwvd3AtY29udGVudFwvdXBsb2Fkc1wvMjAyM1wvMDVcL05SMTAxMDQ4X3dlYi1zY2FsZWQuanBnIiwic2xpZGVzaG93IjoiNjI1MWM5NTIifQ%3D%3D\" href='https:\/\/orefugionasvinhas.com\/wp-content\/uploads\/2023\/05\/NR101048_web-scaled.jpg'><img decoding=\"async\" width=\"300\" height=\"300\" src=\"https:\/\/orefugionasvinhas.com\/wp-content\/uploads\/2023\/05\/NR101048_web-300x300.jpg\" class=\"attachment-woocommerce_thumbnail size-woocommerce_thumbnail\" alt=\"\" srcset=\"https:\/\/orefugionasvinhas.com\/wp-content\/uploads\/2023\/05\/NR101048_web-300x300.jpg 300w, https:\/\/orefugionasvinhas.com\/wp-content\/uploads\/2023\/05\/NR101048_web-150x150.jpg 150w, https:\/\/orefugionasvinhas.com\/wp-content\/uploads\/2023\/05\/NR101048_web-100x100.jpg 100w\" sizes=\"(max-width: 300px) 100vw, 300px\" \/><\/a>\n\t\t\t<\/div><\/figure><figure class='gallery-item'>\n\t\t\t<div class='gallery-icon landscape'>\n\t\t\t\t<a data-elementor-open-lightbox=\"yes\" data-elementor-lightbox-slideshow=\"6251c952\" data-elementor-lightbox-title=\"NR101031_web\" data-e-action-hash=\"#elementor-action%3Aaction%3Dlightbox%26settings%3DeyJpZCI6MzA2MSwidXJsIjoiaHR0cHM6XC9cL29yZWZ1Z2lvbmFzdmluaGFzLmNvbVwvd3AtY29udGVudFwvdXBsb2Fkc1wvMjAyM1wvMDVcL05SMTAxMDMxX3dlYi1zY2FsZWQuanBnIiwic2xpZGVzaG93IjoiNjI1MWM5NTIifQ%3D%3D\" href='https:\/\/orefugionasvinhas.com\/wp-content\/uploads\/2023\/05\/NR101031_web-scaled.jpg'><img loading=\"lazy\" decoding=\"async\" width=\"300\" height=\"300\" src=\"https:\/\/orefugionasvinhas.com\/wp-content\/uploads\/2023\/05\/NR101031_web-300x300.jpg\" class=\"attachment-woocommerce_thumbnail size-woocommerce_thumbnail\" alt=\"\" srcset=\"https:\/\/orefugionasvinhas.com\/wp-content\/uploads\/2023\/05\/NR101031_web-300x300.jpg 300w, https:\/\/orefugionasvinhas.com\/wp-content\/uploads\/2023\/05\/NR101031_web-150x150.jpg 150w, https:\/\/orefugionasvinhas.com\/wp-content\/uploads\/2023\/05\/NR101031_web-100x100.jpg 100w\" sizes=\"(max-width: 300px) 100vw, 300px\" \/><\/a>\n\t\t\t<\/div><\/figure>\n\t\t<\/div>\n\t\t<\/div>\n\t\t\t\t<\/div>\n\t\t\t\t<\/div>\n\t\t\t\t<div class=\"elementor-element elementor-element-5c8074d1 elementor-widget-divider--view-line elementor-widget elementor-widget-divider\" data-id=\"5c8074d1\" data-element_type=\"widget\" data-widget_type=\"divider.default\">\n\t\t\t\t<div class=\"elementor-widget-container\">\n\t\t\t\t\t<div class=\"elementor-divider\">\n\t\t\t<span class=\"elementor-divider-separator\">\n\t\t\t\t\t\t<\/span>\n\t\t<\/div>\n\t\t\t\t<\/div>\n\t\t\t\t<\/div>\n\t\t\t\t<div class=\"elementor-element elementor-element-708cb52 elementor-widget elementor-widget-heading\" data-id=\"708cb52\" data-element_type=\"widget\" data-widget_type=\"heading.default\">\n\t\t\t\t<div class=\"elementor-widget-container\">\n\t\t\t<h2 class=\"elementor-heading-title elementor-size-default\">Equipment des Tiny Houses <\/h2>\t\t<\/div>\n\t\t\t\t<\/div>\n\t\t\t\t<div class=\"elementor-element elementor-element-2039777 elementor-widget elementor-widget-text-editor\" data-id=\"2039777\" data-element_type=\"widget\" data-widget_type=\"text-editor.default\">\n\t\t\t\t<div class=\"elementor-widget-container\">\n\t\t\t\t\t\t\t<ul><li>Les tiny houses sont \u00e9quip\u00e9es d\u2019une cuisine avec plaque \u00e9lectrique et un frigo.<\/li><li>Une bouilloire d\u2019eau chaude et un percolateur.<\/li><li>La salle de bains non accessible aux PMR est \u00e9quip\u00e9e d\u2019un wc, d\u2019une douche et d\u2019un \u00e9vier.<\/li><li>Une chambre avec un lit double<\/li><li>Un sofa de 1.40 est disponible dans le s\u00e9jour, convertible en lit.<\/li><li>La maison peut accueillir max. 4 pers.<\/li><li>Le linge de lit et de maison est disponible sur place.<\/li><li>Les produits de soins corporels et pour le nettoyage doivent \u00eatre \u00e9cologiques absolument.<\/li><li>2 chaises longues, une table et deux chaises en terrasse<\/li><\/ul>\t\t\t\t\t\t<\/div>\n\t\t\t\t<\/div>\n\t\t\t\t<div class=\"elementor-element elementor-element-3ea4a59d elementor-widget-divider--view-line elementor-widget elementor-widget-divider\" data-id=\"3ea4a59d\" data-element_type=\"widget\" data-widget_type=\"divider.default\">\n\t\t\t\t<div class=\"elementor-widget-container\">\n\t\t\t\t\t<div class=\"elementor-divider\">\n\t\t\t<span class=\"elementor-divider-separator\">\n\t\t\t\t\t\t<\/span>\n\t\t<\/div>\n\t\t\t\t<\/div>\n\t\t\t\t<\/div>\n\t\t\t\t<div class=\"elementor-element elementor-element-7b2800a3 elementor-widget elementor-widget-heading\" data-id=\"7b2800a3\" data-element_type=\"widget\" data-widget_type=\"heading.default\">\n\t\t\t\t<div class=\"elementor-widget-container\">\n\t\t\t<h4 class=\"elementor-heading-title elementor-size-default\">Les formules de location possibles :<\/h4>\t\t<\/div>\n\t\t\t\t<\/div>\n\t\t\t\t<div class=\"elementor-element elementor-element-6971e501 elementor-widget elementor-widget-text-editor\" data-id=\"6971e501\" data-element_type=\"widget\" data-widget_type=\"text-editor.default\">\n\t\t\t\t<div class=\"elementor-widget-container\">\n\t\t\t\t\t\t\t<ul><li>Nous louons les Tiny houses pour deux nuits minimum<\/li><li>Du lundi au vendredi : 2 nuits pour 90\u20ac<\/li><li>Du vendredi au dimanche : 2 nuits pour 120\u20ac<\/li><li>Les petits-d\u00e9jeuners se r\u00e9servent \u00e0 l\u2019avance et co\u00fbtent 10\u20ac \/ pers.<\/li><\/ul>\t\t\t\t\t\t<\/div>\n\t\t\t\t<\/div>\n\t\t\t\t\t<\/div>\n\t\t<\/div>\n\t\t\t\t<div class=\"elementor-column elementor-col-50 elementor-top-column elementor-element elementor-element-11741b1c\" data-id=\"11741b1c\" data-element_type=\"column\">\n\t\t\t<div class=\"elementor-widget-wrap elementor-element-populated\">\n\t\t\t\t\t\t<div class=\"elementor-element elementor-element-7aa58a8c elementor-widget elementor-widget-shortcode\" data-id=\"7aa58a8c\" data-element_type=\"widget\" id=\"booking\" data-widget_type=\"shortcode.default\">\n\t\t\t\t<div class=\"elementor-widget-container\">\n\t\t\t\t\t<div class=\"elementor-shortcode\"><\/div>\n\t\t\t\t<\/div>\n\t\t\t\t<\/div>\n\t\t\t\t<div class=\"elementor-element elementor-element-53dbadc7 elementor-widget elementor-widget-text-editor\" data-id=\"53dbadc7\" data-element_type=\"widget\" data-widget_type=\"text-editor.default\">\n\t\t\t\t<div class=\"elementor-widget-container\">\n\t\t\t\t\t\t\t<p><strong><em>Pour des raisons \u00e9cologiques, les Tony Houses sont \u00e9quip\u00e9es d\u2019une fosse septique \u00ab bio \u00bb et ne peut pas supporter des produits de salle de bains toxiques ou polluants. Merci d\u2019utiliser des soins \u00e9cologiques ou de prendre les produits disponibles sur place.<\/em><\/strong><\/p>\t\t\t\t\t\t<\/div>\n\t\t\t\t<\/div>\n\t\t\t\t\t<\/div>\n\t\t<\/div>\n\t\t\t\t\t<\/div>\n\t\t<\/section>\n\t\t\t\t<section class=\"elementor-section elementor-top-section elementor-element elementor-element-cb341b elementor-section-boxed elementor-section-height-default elementor-section-height-default\" data-id=\"cb341b\" data-element_type=\"section\">\n\t\t\t\t\t\t<div class=\"elementor-container elementor-column-gap-default\">\n\t\t\t\t\t<div class=\"elementor-column elementor-col-100 elementor-top-column elementor-element elementor-element-46e464b2\" data-id=\"46e464b2\" data-element_type=\"column\">\n\t\t\t<div class=\"elementor-widget-wrap elementor-element-populated\">\n\t\t\t\t\t\t<div class=\"elementor-element elementor-element-1455197a elementor-widget-divider--view-line elementor-widget elementor-widget-divider\" data-id=\"1455197a\" data-element_type=\"widget\" data-widget_type=\"divider.default\">\n\t\t\t\t<div class=\"elementor-widget-container\">\n\t\t\t\t\t<div class=\"elementor-divider\">\n\t\t\t<span class=\"elementor-divider-separator\">\n\t\t\t\t\t\t<\/span>\n\t\t<\/div>\n\t\t\t\t<\/div>\n\t\t\t\t<\/div>\n\t\t\t\t\t<\/div>\n\t\t<\/div>\n\t\t\t\t\t<\/div>\n\t\t<\/section>\n\t\t\t\t<section class=\"elementor-section elementor-top-section elementor-element elementor-element-5ab5819c elementor-section-boxed elementor-section-height-default elementor-section-height-default\" data-id=\"5ab5819c\" data-element_type=\"section\">\n\t\t\t\t\t\t<div class=\"elementor-container elementor-column-gap-no\">\n\t\t\t\t\t<div class=\"elementor-column elementor-col-50 elementor-top-column elementor-element elementor-element-600211f3\" data-id=\"600211f3\" data-element_type=\"column\">\n\t\t\t<div class=\"elementor-widget-wrap elementor-element-populated\">\n\t\t\t\t\t\t<div class=\"elementor-element elementor-element-17e337a8 elementor-widget elementor-widget-heading\" data-id=\"17e337a8\" data-element_type=\"widget\" data-widget_type=\"heading.default\">\n\t\t\t\t<div class=\"elementor-widget-container\">\n\t\t\t<h4 class=\"elementor-heading-title elementor-size-default\">A visiter dans les environs<\/h4>\t\t<\/div>\n\t\t\t\t<\/div>\n\t\t\t\t<div class=\"elementor-element elementor-element-44494747 elementor-widget elementor-widget-text-editor\" data-id=\"44494747\" data-element_type=\"widget\" data-widget_type=\"text-editor.default\">\n\t\t\t\t<div class=\"elementor-widget-container\">\n\t\t\t\t\t\t\t<ul><li>Dans le village, en promenade balis\u00e9e\u00a0: la Capela en haut de la colline (2 heures)<\/li><li>Le village se d\u00e9couvre facilement \u00e0 pied et nous avons une boucle pr\u00e8s des Tiny houses \u00e0 faire en 20 min.<\/li><\/ul>\t\t\t\t\t\t<\/div>\n\t\t\t\t<\/div>\n\t\t\t\t<div class=\"elementor-element elementor-element-a8c6467 elementor-widget elementor-widget-text-editor\" data-id=\"a8c6467\" data-element_type=\"widget\" data-widget_type=\"text-editor.default\">\n\t\t\t\t<div class=\"elementor-widget-container\">\n\t\t\t\t\t\t\t<p>A 5 km\u00a0: Pedro Macao, plage fluviale am\u00e9nag\u00e9e avec promenade sur pilotis et visite du village de Pedro Macao<\/p>\t\t\t\t\t\t<\/div>\n\t\t\t\t<\/div>\n\t\t\t\t<div class=\"elementor-element elementor-element-7f03132f elementor-widget elementor-widget-text-editor\" data-id=\"7f03132f\" data-element_type=\"widget\" data-widget_type=\"text-editor.default\">\n\t\t\t\t<div class=\"elementor-widget-container\">\n\t\t\t\t\t\t\t<p><strong>Mon\u00e7ao :<\/strong> <br \/>A 15 km Visite de la ville de Mon\u00e7ao, promenade en bord de fleuve, restaurant, bar, dancing.<\/p><p><strong>Domaine Brejoeira<\/strong> : mus\u00e9e national et d\u00e9gustation des vins du domaine. <br \/>Mus\u00e9e des sites celtiques des environs <br \/>Mus\u00e9e de l\u2019Alvarinho<\/p>\t\t\t\t\t\t<\/div>\n\t\t\t\t<\/div>\n\t\t\t\t<div class=\"elementor-element elementor-element-321fee30 elementor-widget elementor-widget-text-editor\" data-id=\"321fee30\" data-element_type=\"widget\" data-widget_type=\"text-editor.default\">\n\t\t\t\t<div class=\"elementor-widget-container\">\n\t\t\t\t\t\t\t<p><strong><u>La mer :<br \/><\/u><\/strong><\/p><p><strong>(Les plages espagnoles sont plus s\u00e9curisantes pour les enfants que les portugaises. C\u2019est l\u2019Atlantique et le courant est tr\u00e8s fort au Portugal et plus sauvage)<u><\/u><u><br \/><\/u><\/strong><\/p><p><strong>A 40 min<\/strong>, le littoral portugais vous attend \u00e0 Caminha ou Moledo. Le voyage en train depuis Valen\u00e7a est un r\u00e9gal. La ligne ferroviaire longe la mer.<br \/><strong>A 30 min<\/strong> \u00e0 Vigo (Espagne), la plage \u00ab Samil \u00bb est tr\u00e8s agr\u00e9able avec un chemin pav\u00e9 et des bars agr\u00e9ables le long. <br \/><br \/>Beaucoup de parkings gratuits mais tr\u00e8s remplis le dimanche. Il faut arriver t\u00f4t durant l\u2019\u00e9t\u00e9.<br \/>Baiona est ma pr\u00e9f\u00e9r\u00e9e avec son Parador superbe pour prendre un verre sur la terrasse et faire le tour \u00e0 pied (30 min). <br \/><strong><br \/>Pedalaria :<\/strong> https:\/\/lapedaleria.es\/ loue des v\u00e9los pour petits et grands. 30 km de pistes cyclables.<\/p><p><strong>A faire :<\/strong> voyage en train de Valen\u00e7a (20 km) jusque Viana do Castelo (100 KM) avec visite de sa c\u00e9l\u00e8bre gare, le funiculaire pour la basilique Santa Lucia et un repas \u00e0 la superbe poussada de Viana (restaurant grand luxe).<\/p>\t\t\t\t\t\t<\/div>\n\t\t\t\t<\/div>\n\t\t\t\t<div class=\"elementor-element elementor-element-49c2ce05 elementor-widget elementor-widget-text-editor\" data-id=\"49c2ce05\" data-element_type=\"widget\" data-widget_type=\"text-editor.default\">\n\t\t\t\t<div class=\"elementor-widget-container\">\n\t\t\t\t\t\t\t<p><strong><u>L\u2019Espagne est \u00e0 15 km :<br \/><\/u><\/strong>C\u00f4t\u00e9 espagnol, vous pourrez aller d\u00e9couvrir les plages plus s\u00e9curis\u00e9es pour les enfants de Vigo, Nigran ou \u00e0 la belle ville de Baiona (plage, histoire et son superbe h\u00f4tel Le Parador)<\/p>\t\t\t\t\t\t<\/div>\n\t\t\t\t<\/div>\n\t\t\t\t\t<\/div>\n\t\t<\/div>\n\t\t\t\t<div class=\"elementor-column elementor-col-50 elementor-top-column elementor-element elementor-element-6288f9e6\" data-id=\"6288f9e6\" data-element_type=\"column\">\n\t\t\t<div class=\"elementor-widget-wrap elementor-element-populated\">\n\t\t\t\t\t\t<div class=\"elementor-element elementor-element-6e8f597e elementor-widget elementor-widget-heading\" data-id=\"6e8f597e\" data-element_type=\"widget\" data-widget_type=\"heading.default\">\n\t\t\t\t<div class=\"elementor-widget-container\">\n\t\t\t<h4 class=\"elementor-heading-title elementor-size-default\">Pour arriver chez nous<\/h4>\t\t<\/div>\n\t\t\t\t<\/div>\n\t\t\t\t<div class=\"elementor-element elementor-element-7c07480b elementor-widget elementor-widget-text-editor\" data-id=\"7c07480b\" data-element_type=\"widget\" data-widget_type=\"text-editor.default\">\n\t\t\t\t<div class=\"elementor-widget-container\">\n\t\t\t\t\t\t\t<ul><li><strong>En avion<\/strong> :<br \/>A\u00e9roport de Porto est \u00e0 150 km avec une formule de bus (10\u20ac) jusque Valen\u00e7a. Ensuite un taxi jusqu\u2019\u00e0 Badim. Location de voiture possible depuis l\u2019a\u00e9roport.<br \/>A\u00e9roport de Vigo est \u00e0 40 min (Espagne)<\/li><li><strong>En train :<\/strong> <br \/>La gare la plus proche est Valen\u00e7a (30 km) au Portugal ou Salvaterra do Minho en Espagne.<\/li><li><strong>En voiture :<\/strong> <br \/>Il y a un parking sur place qui n\u2019est pas gard\u00e9. L\u2019endroit est paisible et s\u00fbr. <br \/>Si vous louez une voiture, sachez que les loueurs de voiture ne permettent pas toujours de passer les fronti\u00e8res. Regardez vos contrats.<\/li><li><strong>A moto :<\/strong> nous avons de la place pour ranger votre moto dans un lieu ferm\u00e9. Place pour une moto.<\/li><li>\u00a0<strong>A v\u00e9lo :<\/strong> parking v\u00e9lo \u00e0 l\u2019abris et ferm\u00e9.<\/li><\/ul>\t\t\t\t\t\t<\/div>\n\t\t\t\t<\/div>\n\t\t\t\t<div class=\"elementor-element elementor-element-19e1876 elementor-widget elementor-widget-text-editor\" data-id=\"19e1876\" data-element_type=\"widget\" data-widget_type=\"text-editor.default\">\n\t\t\t\t<div class=\"elementor-widget-container\">\n\t\t\t\t\t\t\t<iframe src=\"https:\/\/www.google.com\/maps\/embed?pb=!1m18!1m12!1m3!1d23696.94581568456!2d-8.38256995258576!3d42.06208516972794!2m3!1f0!2f0!3f0!3m2!1i1024!2i768!4f13.1!3m3!1m2!1s0xd2570e36002131f%3A0xb5d658be32e3ada6!2sCeiv%C3%A3es%20e%20Badim%2C%20Portugal!5e0!3m2!1sfr!2sfr!4v1701254283725!5m2!1sfr!2sfr\" width=\"100%\" height=\"450\" style=\"border:0;\" allowfullscreen=\"\" loading=\"lazy\" referrerpolicy=\"no-referrer-when-downgrade\"><\/iframe>\t\t\t\t\t\t<\/div>\n\t\t\t\t<\/div>\n\t\t\t\t\t<\/div>\n\t\t<\/div>\n\t\t\t\t\t<\/div>\n\t\t<\/section>\n\t\t\t\t<section class=\"elementor-section elementor-top-section elementor-element elementor-element-1f355dbd elementor-section-boxed elementor-section-height-default elementor-section-height-default\" data-id=\"1f355dbd\" data-element_type=\"section\">\n\t\t\t\t\t\t<div class=\"elementor-container elementor-column-gap-default\">\n\t\t\t\t\t<div class=\"elementor-column elementor-col-100 elementor-top-column elementor-element elementor-element-2362be5f\" data-id=\"2362be5f\" data-element_type=\"column\">\n\t\t\t<div class=\"elementor-widget-wrap elementor-element-populated\">\n\t\t\t\t\t\t<div class=\"elementor-element elementor-element-727bacec elementor-widget-divider--view-line elementor-widget elementor-widget-divider\" data-id=\"727bacec\" data-element_type=\"widget\" data-widget_type=\"divider.default\">\n\t\t\t\t<div class=\"elementor-widget-container\">\n\t\t\t\t\t<div class=\"elementor-divider\">\n\t\t\t<span class=\"elementor-divider-separator\">\n\t\t\t\t\t\t<\/span>\n\t\t<\/div>\n\t\t\t\t<\/div>\n\t\t\t\t<\/div>\n\t\t\t\t<div class=\"elementor-element elementor-element-16192ff8 elementor-widget elementor-widget-shortcode\" data-id=\"16192ff8\" data-element_type=\"widget\" data-widget_type=\"shortcode.default\">\n\t\t\t\t<div class=\"elementor-widget-container\">\n\t\t\t\t\t<div class=\"elementor-shortcode\"><\/div>\n\t\t\t\t<\/div>\n\t\t\t\t<\/div>\n\t\t\t\t\t<\/div>\n\t\t<\/div>\n\t\t\t\t\t<\/div>\n\t\t<\/section>\n\t\t\t\t<\/div>\n\t\t","protected":false},"excerpt":{"rendered":"<p>2-4 Personnes Petit-d\u00e9jeuner Wifi Parking Vous avez envie d\u2019un petit nettoyage de l\u2019organisme pour repartir d\u2019un bon pied ? Je peux vous proposer une semaine de cure ENERGIE ++ (du samedi au samedi). Une bonne alimentation et le repos composent principalement cette semaine. Etant hygi\u00e9niste di\u00e9t\u00e9ticienne, je vous accueillerai avec plaisir et ensemble nous mangerons [&hellip;]<\/p>\n","protected":false},"author":1,"featured_media":0,"comment_status":"open","ping_status":"open","sticky":false,"template":"elementor_header_footer","format":"standard","meta":{"_jetpack_memberships_contains_paid_content":false,"footnotes":""},"categories":[54],"tags":[],"class_list":["post-3630","post","type-post","status-publish","format-standard","hentry","category-les-cures"],"jetpack_sharing_enabled":true,"jetpack_featured_media_url":"","_links":{"self":[{"href":"https:\/\/orefugionasvinhas.com\/fr\/wp-json\/wp\/v2\/posts\/3630","targetHints":{"allow":["GET"]}}],"collection":[{"href":"https:\/\/orefugionasvinhas.com\/fr\/wp-json\/wp\/v2\/posts"}],"about":[{"href":"https:\/\/orefugionasvinhas.com\/fr\/wp-json\/wp\/v2\/types\/post"}],"author":[{"embeddable":true,"href":"https:\/\/orefugionasvinhas.com\/fr\/wp-json\/wp\/v2\/users\/1"}],"replies":[{"embeddable":true,"href":"https:\/\/orefugionasvinhas.com\/fr\/wp-json\/wp\/v2\/comments?post=3630"}],"version-history":[{"count":10,"href":"https:\/\/orefugionasvinhas.com\/fr\/wp-json\/wp\/v2\/posts\/3630\/revisions"}],"predecessor-version":[{"id":3810,"href":"https:\/\/orefugionasvinhas.com\/fr\/wp-json\/wp\/v2\/posts\/3630\/revisions\/3810"}],"wp:attachment":[{"href":"https:\/\/orefugionasvinhas.com\/fr\/wp-json\/wp\/v2\/media?parent=3630"}],"wp:term":[{"taxonomy":"category","embeddable":true,"href":"https:\/\/orefugionasvinhas.com\/fr\/wp-json\/wp\/v2\/categories?post=3630"},{"taxonomy":"post_tag","embeddable":true,"href":"https:\/\/orefugionasvinhas.com\/fr\/wp-json\/wp\/v2\/tags?post=3630"}],"curies":[{"name":"wp","href":"https:\/\/api.w.org\/{rel}","templated":true}]}}