{"id":3634,"date":"2023-11-27T19:19:25","date_gmt":"2023-11-27T18:19:25","guid":{"rendered":"https:\/\/orefugionasvinhas.com\/?p=3634"},"modified":"2024-05-07T07:02:10","modified_gmt":"2024-05-07T05:02:10","slug":"cure-gaps-concentration","status":"publish","type":"post","link":"https:\/\/orefugionasvinhas.com\/fr\/cure-gaps-concentration\/","title":{"rendered":"Cure GAPS \/ Concentration"},"content":{"rendered":"\t\t<div data-elementor-type=\"wp-post\" data-elementor-id=\"3634\" class=\"elementor elementor-3634\" data-elementor-post-type=\"post\">\n\t\t\t\t\t\t<section class=\"elementor-section elementor-top-section elementor-element elementor-element-79fa632 elementor-section-full_width elementor-section-stretched elementor-section-height-default elementor-section-height-default\" data-id=\"79fa632\" data-element_type=\"section\" data-settings=\"{&quot;stretch_section&quot;:&quot;section-stretched&quot;,&quot;background_background&quot;:&quot;classic&quot;}\">\n\t\t\t\t\t\t<div class=\"elementor-container elementor-column-gap-no\">\n\t\t\t\t\t<div class=\"elementor-column elementor-col-100 elementor-top-column elementor-element elementor-element-59f01002\" data-id=\"59f01002\" data-element_type=\"column\">\n\t\t\t<div class=\"elementor-widget-wrap elementor-element-populated\">\n\t\t\t\t\t\t<div class=\"elementor-element elementor-element-3eb84199 elementor--h-position-center elementor--v-position-middle elementor-arrows-position-inside elementor-pagination-position-inside elementor-widget elementor-widget-slides\" data-id=\"3eb84199\" data-element_type=\"widget\" data-settings=\"{&quot;navigation&quot;:&quot;both&quot;,&quot;autoplay&quot;:&quot;yes&quot;,&quot;pause_on_hover&quot;:&quot;yes&quot;,&quot;pause_on_interaction&quot;:&quot;yes&quot;,&quot;autoplay_speed&quot;:5000,&quot;infinite&quot;:&quot;yes&quot;,&quot;transition&quot;:&quot;slide&quot;,&quot;transition_speed&quot;:500}\" data-widget_type=\"slides.default\">\n\t\t\t\t<div class=\"elementor-widget-container\">\n\t\t\t\t\t<div class=\"elementor-swiper\">\n\t\t\t<div class=\"elementor-slides-wrapper elementor-main-swiper swiper\" dir=\"ltr\" data-animation=\"fadeInUp\">\n\t\t\t\t<div class=\"swiper-wrapper elementor-slides\">\n\t\t\t\t\t\t\t\t\t\t<div class=\"elementor-repeater-item-a547e5d swiper-slide\"><div class=\"swiper-slide-bg elementor-ken-burns elementor-ken-burns--in\" role=\"img\"><\/div><div class=\"elementor-background-overlay\"><\/div><div class=\"swiper-slide-inner\" ><div class=\"swiper-slide-contents\"><div class=\"elementor-slide-heading\">Cure GAPS \/ Concentration<\/div><\/div><\/div><\/div>\t\t\t\t<\/div>\n\t\t\t\t\t\t\t<\/div>\n\t\t<\/div>\n\t\t\t\t<\/div>\n\t\t\t\t<\/div>\n\t\t\t\t\t<\/div>\n\t\t<\/div>\n\t\t\t\t\t<\/div>\n\t\t<\/section>\n\t\t\t\t<section class=\"elementor-section elementor-top-section elementor-element elementor-element-639c62c elementor-section-boxed elementor-section-height-default elementor-section-height-default\" data-id=\"639c62c\" data-element_type=\"section\">\n\t\t\t\t\t\t<div class=\"elementor-container elementor-column-gap-default\">\n\t\t\t\t\t<div class=\"elementor-column elementor-col-50 elementor-top-column elementor-element elementor-element-601f7401\" data-id=\"601f7401\" data-element_type=\"column\">\n\t\t\t<div class=\"elementor-widget-wrap elementor-element-populated\">\n\t\t\t\t\t\t<div class=\"elementor-element elementor-element-2f25a0bd elementor-widget elementor-widget-heading\" data-id=\"2f25a0bd\" data-element_type=\"widget\" data-widget_type=\"heading.default\">\n\t\t\t\t<div class=\"elementor-widget-container\">\n\t\t\t<h2 class=\"elementor-heading-title elementor-size-default\">Prochaines dates des cures Gaps 2024<\/h2>\t\t<\/div>\n\t\t\t\t<\/div>\n\t\t\t\t<div class=\"elementor-element elementor-element-57fcd87 elementor-icon-list--layout-traditional elementor-list-item-link-full_width elementor-widget elementor-widget-icon-list\" data-id=\"57fcd87\" data-element_type=\"widget\" data-widget_type=\"icon-list.default\">\n\t\t\t\t<div class=\"elementor-widget-container\">\n\t\t\t\t\t<ul class=\"elementor-icon-list-items\">\n\t\t\t\t\t\t\t<li class=\"elementor-icon-list-item\">\n\t\t\t\t\t\t\t\t\t\t\t<span class=\"elementor-icon-list-icon\">\n\t\t\t\t\t\t\t<i aria-hidden=\"true\" class=\"far fa-calendar-alt\"><\/i>\t\t\t\t\t\t<\/span>\n\t\t\t\t\t\t\t\t\t\t<span class=\"elementor-icon-list-text\">Du Samedi 17 Ao\u00fbt 2024 au Samedi 24 ao\u00fbt 2024<\/span>\n\t\t\t\t\t\t\t\t\t<\/li>\n\t\t\t\t\t\t\t\t<li class=\"elementor-icon-list-item\">\n\t\t\t\t\t\t\t\t\t\t\t<span class=\"elementor-icon-list-icon\">\n\t\t\t\t\t\t\t<i aria-hidden=\"true\" class=\"far fa-calendar-alt\"><\/i>\t\t\t\t\t\t<\/span>\n\t\t\t\t\t\t\t\t\t\t<span class=\"elementor-icon-list-text\">Du Samedi 31 Ao\u00fbt 2024 au Samedi 7 Septembre 2024<\/span>\n\t\t\t\t\t\t\t\t\t<\/li>\n\t\t\t\t\t\t<\/ul>\n\t\t\t\t<\/div>\n\t\t\t\t<\/div>\n\t\t\t\t<div class=\"elementor-element elementor-element-9da473f elementor-widget-divider--view-line elementor-widget elementor-widget-divider\" data-id=\"9da473f\" data-element_type=\"widget\" data-widget_type=\"divider.default\">\n\t\t\t\t<div class=\"elementor-widget-container\">\n\t\t\t\t\t<div class=\"elementor-divider\">\n\t\t\t<span class=\"elementor-divider-separator\">\n\t\t\t\t\t\t<\/span>\n\t\t<\/div>\n\t\t\t\t<\/div>\n\t\t\t\t<\/div>\n\t\t\t\t<div class=\"elementor-element elementor-element-36ec85d5 elementor-icon-list--layout-inline elementor-list-item-link-full_width elementor-widget elementor-widget-icon-list\" data-id=\"36ec85d5\" data-element_type=\"widget\" data-widget_type=\"icon-list.default\">\n\t\t\t\t<div class=\"elementor-widget-container\">\n\t\t\t\t\t<ul class=\"elementor-icon-list-items elementor-inline-items\">\n\t\t\t\t\t\t\t<li class=\"elementor-icon-list-item elementor-inline-item\">\n\t\t\t\t\t\t\t\t\t\t\t<span class=\"elementor-icon-list-icon\">\n\t\t\t\t\t\t\t<i aria-hidden=\"true\" class=\"fas fa-user-friends\"><\/i>\t\t\t\t\t\t<\/span>\n\t\t\t\t\t\t\t\t\t\t<span class=\"elementor-icon-list-text\">2-4 Personnes<\/span>\n\t\t\t\t\t\t\t\t\t<\/li>\n\t\t\t\t\t\t\t\t<li class=\"elementor-icon-list-item elementor-inline-item\">\n\t\t\t\t\t\t\t\t\t\t\t<span class=\"elementor-icon-list-icon\">\n\t\t\t\t\t\t\t<i aria-hidden=\"true\" class=\"fas fa-coffee\"><\/i>\t\t\t\t\t\t<\/span>\n\t\t\t\t\t\t\t\t\t\t<span class=\"elementor-icon-list-text\">Petit-d\u00e9jeuner <\/span>\n\t\t\t\t\t\t\t\t\t<\/li>\n\t\t\t\t\t\t\t\t<li class=\"elementor-icon-list-item elementor-inline-item\">\n\t\t\t\t\t\t\t\t\t\t\t<span class=\"elementor-icon-list-icon\">\n\t\t\t\t\t\t\t<i aria-hidden=\"true\" class=\"fas fa-wifi\"><\/i>\t\t\t\t\t\t<\/span>\n\t\t\t\t\t\t\t\t\t\t<span class=\"elementor-icon-list-text\">Wifi<\/span>\n\t\t\t\t\t\t\t\t\t<\/li>\n\t\t\t\t\t\t\t\t<li class=\"elementor-icon-list-item elementor-inline-item\">\n\t\t\t\t\t\t\t\t\t\t\t<span class=\"elementor-icon-list-icon\">\n\t\t\t\t\t\t\t<i aria-hidden=\"true\" class=\"fas fa-car\"><\/i>\t\t\t\t\t\t<\/span>\n\t\t\t\t\t\t\t\t\t\t<span class=\"elementor-icon-list-text\">Parking<\/span>\n\t\t\t\t\t\t\t\t\t<\/li>\n\t\t\t\t\t\t<\/ul>\n\t\t\t\t<\/div>\n\t\t\t\t<\/div>\n\t\t\t\t<div class=\"elementor-element elementor-element-3897658 elementor-widget-divider--view-line elementor-widget elementor-widget-divider\" data-id=\"3897658\" data-element_type=\"widget\" data-widget_type=\"divider.default\">\n\t\t\t\t<div class=\"elementor-widget-container\">\n\t\t\t\t\t<div class=\"elementor-divider\">\n\t\t\t<span class=\"elementor-divider-separator\">\n\t\t\t\t\t\t<\/span>\n\t\t<\/div>\n\t\t\t\t<\/div>\n\t\t\t\t<\/div>\n\t\t\t\t<div class=\"elementor-element elementor-element-02436df elementor-widget elementor-widget-text-editor\" data-id=\"02436df\" data-element_type=\"widget\" data-widget_type=\"text-editor.default\">\n\t\t\t\t<div class=\"elementor-widget-container\">\n\t\t\t\t\t\t\t<p>Vous \u00eates parents d\u2019un enfant diff\u00e9rent, autiste ou avec un autre souci de sant\u00e9. Vous avez vous-m\u00eames des troubles d\u2019attention ou d\u2019organisation. Vous avez envie de d\u00e9couvrir la di\u00e8te GAPS et de faire une cure d\u2019introduction d\u2019une semaine durant laquelle vous allez nettoyer votre syst\u00e8me digestif. Etant di\u00e9t\u00e9ticienne sp\u00e9cialis\u00e9e dans la di\u00e8te GAPS (sant\u00e9 digestive et c\u00e9r\u00e9brale), je vous propose un suivi durant une semaine avec anamn\u00e8se pr\u00e9alable.<\/p><p>Durant la semaine, tous les matins, vous recevrez une formation GAPS pour vous expliquer l&rsquo;int\u00e9r\u00eat de cette di\u00e8te et apprendre \u00e0 cuisiner. Le projet est de vous rendre autonome pour votre retour \u00e0 la maison. Vous pourrez ainsi optimaliser le potentiel de votre cerveau ou celui de votre enfant.<\/p>\t\t\t\t\t\t<\/div>\n\t\t\t\t<\/div>\n\t\t\t\t<div class=\"elementor-element elementor-element-e37f63 elementor-widget-divider--view-line elementor-widget elementor-widget-divider\" data-id=\"e37f63\" data-element_type=\"widget\" data-widget_type=\"divider.default\">\n\t\t\t\t<div class=\"elementor-widget-container\">\n\t\t\t\t\t<div class=\"elementor-divider\">\n\t\t\t<span class=\"elementor-divider-separator\">\n\t\t\t\t\t\t<\/span>\n\t\t<\/div>\n\t\t\t\t<\/div>\n\t\t\t\t<\/div>\n\t\t\t\t<div class=\"elementor-element elementor-element-885ef49 elementor-widget elementor-widget-heading\" data-id=\"885ef49\" data-element_type=\"widget\" data-widget_type=\"heading.default\">\n\t\t\t\t<div class=\"elementor-widget-container\">\n\t\t\t<h2 class=\"elementor-heading-title elementor-size-default\">Galerie<\/h2>\t\t<\/div>\n\t\t\t\t<\/div>\n\t\t\t\t<div class=\"elementor-element elementor-element-24b9323a gallery-spacing-custom elementor-widget elementor-widget-image-gallery\" data-id=\"24b9323a\" data-element_type=\"widget\" data-widget_type=\"image-gallery.default\">\n\t\t\t\t<div class=\"elementor-widget-container\">\n\t\t\t\t\t<div class=\"elementor-image-gallery\">\n\t\t\t<div id='gallery-1' class='gallery galleryid-3634 gallery-columns-4 gallery-size-woocommerce_thumbnail'><figure class='gallery-item'>\n\t\t\t<div class='gallery-icon landscape'>\n\t\t\t\t<a data-elementor-open-lightbox=\"yes\" data-elementor-lightbox-slideshow=\"24b9323a\" data-elementor-lightbox-title=\"cure de gestion du poids\" data-e-action-hash=\"#elementor-action%3Aaction%3Dlightbox%26settings%3DeyJpZCI6MzI3NywidXJsIjoiaHR0cHM6XC9cL29yZWZ1Z2lvbmFzdmluaGFzLmNvbVwvd3AtY29udGVudFwvdXBsb2Fkc1wvMjAyM1wvMDZcL2N1cmUtZGUtZ2VzdGlvbi1kdS1wb2lkcy5qcGciLCJzbGlkZXNob3ciOiIyNGI5MzIzYSJ9\" href='https:\/\/orefugionasvinhas.com\/wp-content\/uploads\/2023\/06\/cure-de-gestion-du-poids.jpg'><img fetchpriority=\"high\" decoding=\"async\" width=\"300\" height=\"300\" src=\"https:\/\/orefugionasvinhas.com\/wp-content\/uploads\/2023\/06\/cure-de-gestion-du-poids-300x300.jpg\" class=\"attachment-woocommerce_thumbnail size-woocommerce_thumbnail\" alt=\"\" srcset=\"https:\/\/orefugionasvinhas.com\/wp-content\/uploads\/2023\/06\/cure-de-gestion-du-poids-300x300.jpg 300w, https:\/\/orefugionasvinhas.com\/wp-content\/uploads\/2023\/06\/cure-de-gestion-du-poids-150x150.jpg 150w, https:\/\/orefugionasvinhas.com\/wp-content\/uploads\/2023\/06\/cure-de-gestion-du-poids-100x100.jpg 100w\" sizes=\"(max-width: 300px) 100vw, 300px\" \/><\/a>\n\t\t\t<\/div><\/figure><figure class='gallery-item'>\n\t\t\t<div class='gallery-icon portrait'>\n\t\t\t\t<a data-elementor-open-lightbox=\"yes\" data-elementor-lightbox-slideshow=\"24b9323a\" data-elementor-lightbox-title=\"espace d\u00e9tente\" data-e-action-hash=\"#elementor-action%3Aaction%3Dlightbox%26settings%3DeyJpZCI6MzI3OCwidXJsIjoiaHR0cHM6XC9cL29yZWZ1Z2lvbmFzdmluaGFzLmNvbVwvd3AtY29udGVudFwvdXBsb2Fkc1wvMjAyM1wvMDZcL2VzcGFjZS1kZXRlbnRlLmpwZyIsInNsaWRlc2hvdyI6IjI0YjkzMjNhIn0%3D\" href='https:\/\/orefugionasvinhas.com\/wp-content\/uploads\/2023\/06\/espace-detente.jpg'><img decoding=\"async\" width=\"300\" height=\"300\" src=\"https:\/\/orefugionasvinhas.com\/wp-content\/uploads\/2023\/06\/espace-detente-300x300.jpg\" class=\"attachment-woocommerce_thumbnail size-woocommerce_thumbnail\" alt=\"\" srcset=\"https:\/\/orefugionasvinhas.com\/wp-content\/uploads\/2023\/06\/espace-detente-300x300.jpg 300w, https:\/\/orefugionasvinhas.com\/wp-content\/uploads\/2023\/06\/espace-detente-150x150.jpg 150w, https:\/\/orefugionasvinhas.com\/wp-content\/uploads\/2023\/06\/espace-detente-100x100.jpg 100w\" sizes=\"(max-width: 300px) 100vw, 300px\" \/><\/a>\n\t\t\t<\/div><\/figure><figure class='gallery-item'>\n\t\t\t<div class='gallery-icon portrait'>\n\t\t\t\t<a data-elementor-open-lightbox=\"yes\" data-elementor-lightbox-slideshow=\"24b9323a\" data-elementor-lightbox-title=\"pont\" data-e-action-hash=\"#elementor-action%3Aaction%3Dlightbox%26settings%3DeyJpZCI6MzI2NSwidXJsIjoiaHR0cHM6XC9cL29yZWZ1Z2lvbmFzdmluaGFzLmNvbVwvd3AtY29udGVudFwvdXBsb2Fkc1wvMjAyM1wvMDZcL3BvbnQuanBnIiwic2xpZGVzaG93IjoiMjRiOTMyM2EifQ%3D%3D\" href='https:\/\/orefugionasvinhas.com\/wp-content\/uploads\/2023\/06\/pont.jpg'><img decoding=\"async\" width=\"300\" height=\"300\" src=\"https:\/\/orefugionasvinhas.com\/wp-content\/uploads\/2023\/06\/pont-300x300.jpg\" class=\"attachment-woocommerce_thumbnail size-woocommerce_thumbnail\" alt=\"\" srcset=\"https:\/\/orefugionasvinhas.com\/wp-content\/uploads\/2023\/06\/pont-300x300.jpg 300w, https:\/\/orefugionasvinhas.com\/wp-content\/uploads\/2023\/06\/pont-150x150.jpg 150w, https:\/\/orefugionasvinhas.com\/wp-content\/uploads\/2023\/06\/pont-100x100.jpg 100w\" sizes=\"(max-width: 300px) 100vw, 300px\" \/><\/a>\n\t\t\t<\/div><\/figure><figure class='gallery-item'>\n\t\t\t<div class='gallery-icon portrait'>\n\t\t\t\t<a data-elementor-open-lightbox=\"yes\" data-elementor-lightbox-slideshow=\"24b9323a\" data-elementor-lightbox-title=\"paysages\" data-e-action-hash=\"#elementor-action%3Aaction%3Dlightbox%26settings%3DeyJpZCI6MzI2NCwidXJsIjoiaHR0cHM6XC9cL29yZWZ1Z2lvbmFzdmluaGFzLmNvbVwvd3AtY29udGVudFwvdXBsb2Fkc1wvMjAyM1wvMDZcL3BheXNhZ2VzLmpwZyIsInNsaWRlc2hvdyI6IjI0YjkzMjNhIn0%3D\" href='https:\/\/orefugionasvinhas.com\/wp-content\/uploads\/2023\/06\/paysages.jpg'><img loading=\"lazy\" decoding=\"async\" width=\"300\" height=\"300\" src=\"https:\/\/orefugionasvinhas.com\/wp-content\/uploads\/2023\/06\/paysages-300x300.jpg\" class=\"attachment-woocommerce_thumbnail size-woocommerce_thumbnail\" alt=\"\" srcset=\"https:\/\/orefugionasvinhas.com\/wp-content\/uploads\/2023\/06\/paysages-300x300.jpg 300w, https:\/\/orefugionasvinhas.com\/wp-content\/uploads\/2023\/06\/paysages-150x150.jpg 150w, https:\/\/orefugionasvinhas.com\/wp-content\/uploads\/2023\/06\/paysages-100x100.jpg 100w\" sizes=\"(max-width: 300px) 100vw, 300px\" \/><\/a>\n\t\t\t<\/div><\/figure><figure class='gallery-item'>\n\t\t\t<div class='gallery-icon landscape'>\n\t\t\t\t<a data-elementor-open-lightbox=\"yes\" data-elementor-lightbox-slideshow=\"24b9323a\" data-elementor-lightbox-title=\"Les cures\" data-e-action-hash=\"#elementor-action%3Aaction%3Dlightbox%26settings%3DeyJpZCI6Mzk0NCwidXJsIjoiaHR0cHM6XC9cL29yZWZ1Z2lvbmFzdmluaGFzLmNvbVwvd3AtY29udGVudFwvdXBsb2Fkc1wvMjAyM1wvMTJcL0xlcy1jdXJlcy5wbmciLCJzbGlkZXNob3ciOiIyNGI5MzIzYSJ9\" href='https:\/\/orefugionasvinhas.com\/wp-content\/uploads\/2023\/12\/Les-cures.png'><img loading=\"lazy\" decoding=\"async\" width=\"1080\" height=\"1080\" src=\"https:\/\/orefugionasvinhas.com\/wp-content\/uploads\/2023\/12\/Les-cures.png\" class=\"attachment-woocommerce_thumbnail size-woocommerce_thumbnail\" alt=\"\" srcset=\"https:\/\/orefugionasvinhas.com\/wp-content\/uploads\/2023\/12\/Les-cures.png 1080w, https:\/\/orefugionasvinhas.com\/wp-content\/uploads\/2023\/12\/Les-cures-300x300.png 300w, https:\/\/orefugionasvinhas.com\/wp-content\/uploads\/2023\/12\/Les-cures-1024x1024.png 1024w, https:\/\/orefugionasvinhas.com\/wp-content\/uploads\/2023\/12\/Les-cures-150x150.png 150w, https:\/\/orefugionasvinhas.com\/wp-content\/uploads\/2023\/12\/Les-cures-768x768.png 768w\" sizes=\"(max-width: 1080px) 100vw, 1080px\" \/><\/a>\n\t\t\t<\/div><\/figure><figure class='gallery-item'>\n\t\t\t<div class='gallery-icon landscape'>\n\t\t\t\t<a data-elementor-open-lightbox=\"yes\" data-elementor-lightbox-slideshow=\"24b9323a\" data-elementor-lightbox-title=\"Les cures (6)\" data-e-action-hash=\"#elementor-action%3Aaction%3Dlightbox%26settings%3DeyJpZCI6Mzk0MywidXJsIjoiaHR0cHM6XC9cL29yZWZ1Z2lvbmFzdmluaGFzLmNvbVwvd3AtY29udGVudFwvdXBsb2Fkc1wvMjAyM1wvMTJcL0xlcy1jdXJlcy02LnBuZyIsInNsaWRlc2hvdyI6IjI0YjkzMjNhIn0%3D\" href='https:\/\/orefugionasvinhas.com\/wp-content\/uploads\/2023\/12\/Les-cures-6.png'><img loading=\"lazy\" decoding=\"async\" width=\"1080\" height=\"1080\" src=\"https:\/\/orefugionasvinhas.com\/wp-content\/uploads\/2023\/12\/Les-cures-6.png\" class=\"attachment-woocommerce_thumbnail size-woocommerce_thumbnail\" alt=\"\" srcset=\"https:\/\/orefugionasvinhas.com\/wp-content\/uploads\/2023\/12\/Les-cures-6.png 1080w, https:\/\/orefugionasvinhas.com\/wp-content\/uploads\/2023\/12\/Les-cures-6-300x300.png 300w, https:\/\/orefugionasvinhas.com\/wp-content\/uploads\/2023\/12\/Les-cures-6-1024x1024.png 1024w, https:\/\/orefugionasvinhas.com\/wp-content\/uploads\/2023\/12\/Les-cures-6-150x150.png 150w, https:\/\/orefugionasvinhas.com\/wp-content\/uploads\/2023\/12\/Les-cures-6-768x768.png 768w\" sizes=\"(max-width: 1080px) 100vw, 1080px\" \/><\/a>\n\t\t\t<\/div><\/figure><figure class='gallery-item'>\n\t\t\t<div class='gallery-icon landscape'>\n\t\t\t\t<a data-elementor-open-lightbox=\"yes\" data-elementor-lightbox-slideshow=\"24b9323a\" data-elementor-lightbox-title=\"Les cures (4)\" data-e-action-hash=\"#elementor-action%3Aaction%3Dlightbox%26settings%3DeyJpZCI6Mzk0MSwidXJsIjoiaHR0cHM6XC9cL29yZWZ1Z2lvbmFzdmluaGFzLmNvbVwvd3AtY29udGVudFwvdXBsb2Fkc1wvMjAyM1wvMTJcL0xlcy1jdXJlcy00LnBuZyIsInNsaWRlc2hvdyI6IjI0YjkzMjNhIn0%3D\" href='https:\/\/orefugionasvinhas.com\/wp-content\/uploads\/2023\/12\/Les-cures-4.png'><img loading=\"lazy\" decoding=\"async\" width=\"1080\" height=\"1080\" src=\"https:\/\/orefugionasvinhas.com\/wp-content\/uploads\/2023\/12\/Les-cures-4.png\" class=\"attachment-woocommerce_thumbnail size-woocommerce_thumbnail\" alt=\"\" srcset=\"https:\/\/orefugionasvinhas.com\/wp-content\/uploads\/2023\/12\/Les-cures-4.png 1080w, https:\/\/orefugionasvinhas.com\/wp-content\/uploads\/2023\/12\/Les-cures-4-300x300.png 300w, https:\/\/orefugionasvinhas.com\/wp-content\/uploads\/2023\/12\/Les-cures-4-1024x1024.png 1024w, https:\/\/orefugionasvinhas.com\/wp-content\/uploads\/2023\/12\/Les-cures-4-150x150.png 150w, https:\/\/orefugionasvinhas.com\/wp-content\/uploads\/2023\/12\/Les-cures-4-768x768.png 768w\" sizes=\"(max-width: 1080px) 100vw, 1080px\" \/><\/a>\n\t\t\t<\/div><\/figure><figure class='gallery-item'>\n\t\t\t<div class='gallery-icon landscape'>\n\t\t\t\t<a data-elementor-open-lightbox=\"yes\" data-elementor-lightbox-slideshow=\"24b9323a\" data-elementor-lightbox-title=\"Les cures (3)\" data-e-action-hash=\"#elementor-action%3Aaction%3Dlightbox%26settings%3DeyJpZCI6Mzk0MCwidXJsIjoiaHR0cHM6XC9cL29yZWZ1Z2lvbmFzdmluaGFzLmNvbVwvd3AtY29udGVudFwvdXBsb2Fkc1wvMjAyM1wvMTJcL0xlcy1jdXJlcy0zLnBuZyIsInNsaWRlc2hvdyI6IjI0YjkzMjNhIn0%3D\" href='https:\/\/orefugionasvinhas.com\/wp-content\/uploads\/2023\/12\/Les-cures-3.png'><img loading=\"lazy\" decoding=\"async\" width=\"1080\" height=\"1080\" src=\"https:\/\/orefugionasvinhas.com\/wp-content\/uploads\/2023\/12\/Les-cures-3.png\" class=\"attachment-woocommerce_thumbnail size-woocommerce_thumbnail\" alt=\"\" srcset=\"https:\/\/orefugionasvinhas.com\/wp-content\/uploads\/2023\/12\/Les-cures-3.png 1080w, https:\/\/orefugionasvinhas.com\/wp-content\/uploads\/2023\/12\/Les-cures-3-300x300.png 300w, https:\/\/orefugionasvinhas.com\/wp-content\/uploads\/2023\/12\/Les-cures-3-1024x1024.png 1024w, https:\/\/orefugionasvinhas.com\/wp-content\/uploads\/2023\/12\/Les-cures-3-150x150.png 150w, https:\/\/orefugionasvinhas.com\/wp-content\/uploads\/2023\/12\/Les-cures-3-768x768.png 768w\" sizes=\"(max-width: 1080px) 100vw, 1080px\" \/><\/a>\n\t\t\t<\/div><\/figure>\n\t\t<\/div>\n\t\t<\/div>\n\t\t\t\t<\/div>\n\t\t\t\t<\/div>\n\t\t\t\t<div class=\"elementor-element elementor-element-680a32c4 elementor-widget-divider--view-line elementor-widget elementor-widget-divider\" data-id=\"680a32c4\" data-element_type=\"widget\" data-widget_type=\"divider.default\">\n\t\t\t\t<div class=\"elementor-widget-container\">\n\t\t\t\t\t<div class=\"elementor-divider\">\n\t\t\t<span class=\"elementor-divider-separator\">\n\t\t\t\t\t\t<\/span>\n\t\t<\/div>\n\t\t\t\t<\/div>\n\t\t\t\t<\/div>\n\t\t\t\t<div class=\"elementor-element elementor-element-54158c6f elementor-widget elementor-widget-heading\" data-id=\"54158c6f\" data-element_type=\"widget\" data-widget_type=\"heading.default\">\n\t\t\t\t<div class=\"elementor-widget-container\">\n\t\t\t<h2 class=\"elementor-heading-title elementor-size-default\">\u00c9quipement des Tiny Houses <\/h2>\t\t<\/div>\n\t\t\t\t<\/div>\n\t\t\t\t<div class=\"elementor-element elementor-element-0a0ea78 elementor-widget elementor-widget-text-editor\" data-id=\"0a0ea78\" data-element_type=\"widget\" data-widget_type=\"text-editor.default\">\n\t\t\t\t<div class=\"elementor-widget-container\">\n\t\t\t\t\t\t\t<ul><li>Les tiny houses sont \u00e9quip\u00e9es d\u2019une cuisine avec plaque \u00e9lectrique et un frigo.<\/li><li>Bouilloire \u00e9lectrique et un percolateur.<\/li><li>La salle de bains non accessible aux PMR est \u00e9quip\u00e9e d\u2019un wc, d\u2019une douche et d\u2019un lavabo.<\/li><li>Une chambre avec un lit double<\/li><li>Un sofa de 1.40 est disponible dans le s\u00e9jour, convertible en lit.<\/li><li>La maison peut accueillir jusqu\u2019\u00e0 3 adultes ou 2 adultes et 2 enfants.<\/li><li>Le linge de lit et de maison est disponible sur place.<\/li><li>Vos produits de soins personnels et ceux pour l\u2019entretien du lieu doivent absolument \u00eatre<br \/>\u00e9cologiques.<\/li><li>2 chaises longues, une table et deux chaises en terrasse<\/li><\/ul>\t\t\t\t\t\t<\/div>\n\t\t\t\t<\/div>\n\t\t\t\t\t<\/div>\n\t\t<\/div>\n\t\t\t\t<div class=\"elementor-column elementor-col-50 elementor-top-column elementor-element elementor-element-70b06e86\" data-id=\"70b06e86\" data-element_type=\"column\">\n\t\t\t<div class=\"elementor-widget-wrap elementor-element-populated\">\n\t\t\t\t\t\t<div class=\"elementor-element elementor-element-35f51836 elementor-widget elementor-widget-shortcode\" data-id=\"35f51836\" data-element_type=\"widget\" id=\"booking\" data-widget_type=\"shortcode.default\">\n\t\t\t\t<div class=\"elementor-widget-container\">\n\t\t\t\t\t<div class=\"elementor-shortcode\">\n<\/div>\n\t\t\t\t<\/div>\n\t\t\t\t<\/div>\n\t\t\t\t<div class=\"elementor-element elementor-element-5cad9ba elementor-widget elementor-widget-text-editor\" data-id=\"5cad9ba\" data-element_type=\"widget\" data-widget_type=\"text-editor.default\">\n\t\t\t\t<div class=\"elementor-widget-container\">\n\t\t\t\t\t\t\t<p>Pour des raisons \u00e9cologiques, les Tiny houses sont \u00e9quip\u00e9es d\u2019une fosse septique \u00ab\u00a0bio\u00a0\u00bb et ne<br \/>peuvent pas supporter les produits de salle de bains toxiques ou polluants. Je mets \u00e0 votre disposition sur place les soins de la salle de bains \u00e9cologiques. <br \/>Lien\u00a0: <a href=\"https:\/\/modere.io\/2tNBUK\">https:\/\/modere.io\/2tNBUK<\/a><\/p>\t\t\t\t\t\t<\/div>\n\t\t\t\t<\/div>\n\t\t\t\t\t<\/div>\n\t\t<\/div>\n\t\t\t\t\t<\/div>\n\t\t<\/section>\n\t\t\t\t<section class=\"elementor-section elementor-top-section elementor-element elementor-element-1452e7e2 elementor-section-boxed elementor-section-height-default elementor-section-height-default\" data-id=\"1452e7e2\" data-element_type=\"section\">\n\t\t\t\t\t\t<div class=\"elementor-container elementor-column-gap-default\">\n\t\t\t\t\t<div class=\"elementor-column elementor-col-100 elementor-top-column elementor-element elementor-element-6f84f5d7\" data-id=\"6f84f5d7\" data-element_type=\"column\">\n\t\t\t<div class=\"elementor-widget-wrap elementor-element-populated\">\n\t\t\t\t\t\t<div class=\"elementor-element elementor-element-30d2c98f elementor-widget-divider--view-line elementor-widget elementor-widget-divider\" data-id=\"30d2c98f\" data-element_type=\"widget\" data-widget_type=\"divider.default\">\n\t\t\t\t<div class=\"elementor-widget-container\">\n\t\t\t\t\t<div class=\"elementor-divider\">\n\t\t\t<span class=\"elementor-divider-separator\">\n\t\t\t\t\t\t<\/span>\n\t\t<\/div>\n\t\t\t\t<\/div>\n\t\t\t\t<\/div>\n\t\t\t\t\t<\/div>\n\t\t<\/div>\n\t\t\t\t\t<\/div>\n\t\t<\/section>\n\t\t\t\t<section class=\"elementor-section elementor-top-section elementor-element elementor-element-69b8a7e9 elementor-section-boxed elementor-section-height-default elementor-section-height-default\" data-id=\"69b8a7e9\" data-element_type=\"section\">\n\t\t\t\t\t\t<div class=\"elementor-container elementor-column-gap-no\">\n\t\t\t\t\t<div class=\"elementor-column elementor-col-50 elementor-top-column elementor-element elementor-element-130b1219\" data-id=\"130b1219\" data-element_type=\"column\">\n\t\t\t<div class=\"elementor-widget-wrap elementor-element-populated\">\n\t\t\t\t\t\t<div class=\"elementor-element elementor-element-7212f050 elementor-widget elementor-widget-heading\" data-id=\"7212f050\" data-element_type=\"widget\" data-widget_type=\"heading.default\">\n\t\t\t\t<div class=\"elementor-widget-container\">\n\t\t\t<h4 class=\"elementor-heading-title elementor-size-default\">A visiter dans les environs<\/h4>\t\t<\/div>\n\t\t\t\t<\/div>\n\t\t\t\t<div class=\"elementor-element elementor-element-2fe57586 elementor-widget elementor-widget-text-editor\" data-id=\"2fe57586\" data-element_type=\"widget\" data-widget_type=\"text-editor.default\">\n\t\t\t\t<div class=\"elementor-widget-container\">\n\t\t\t\t\t\t\t<ul><li>Dans le village, en promenade balis\u00e9e\u00a0: la Capela en haut de la colline (2 heures)<\/li><li>Le village se d\u00e9couvre facilement \u00e0 pied et nous avons une boucle pr\u00e8s des Tiny houses \u00e0 faire en 20 min.<\/li><\/ul>\t\t\t\t\t\t<\/div>\n\t\t\t\t<\/div>\n\t\t\t\t<div class=\"elementor-element elementor-element-6dc70665 elementor-widget elementor-widget-text-editor\" data-id=\"6dc70665\" data-element_type=\"widget\" data-widget_type=\"text-editor.default\">\n\t\t\t\t<div class=\"elementor-widget-container\">\n\t\t\t\t\t\t\t<p>A 5 km\u00a0: Pedro Macao, plage fluviale am\u00e9nag\u00e9e avec promenade sur pilotis et visite du village de Pedro Macao<\/p>\t\t\t\t\t\t<\/div>\n\t\t\t\t<\/div>\n\t\t\t\t<div class=\"elementor-element elementor-element-3eff4ab2 elementor-widget elementor-widget-text-editor\" data-id=\"3eff4ab2\" data-element_type=\"widget\" data-widget_type=\"text-editor.default\">\n\t\t\t\t<div class=\"elementor-widget-container\">\n\t\t\t\t\t\t\t<p><strong>Mon\u00e7ao :<\/strong> <br \/>A 15 km Visite de la ville de Mon\u00e7ao, promenade en bord de fleuve, restaurant, bar, dancing.<\/p><p><strong>Domaine Brejoeira<\/strong> : mus\u00e9e national et d\u00e9gustation des vins du domaine. <br \/>Mus\u00e9e des sites celtiques des environs <br \/>Mus\u00e9e de l\u2019Alvarinho<\/p>\t\t\t\t\t\t<\/div>\n\t\t\t\t<\/div>\n\t\t\t\t<div class=\"elementor-element elementor-element-28abdf7 elementor-widget elementor-widget-text-editor\" data-id=\"28abdf7\" data-element_type=\"widget\" data-widget_type=\"text-editor.default\">\n\t\t\t\t<div class=\"elementor-widget-container\">\n\t\t\t\t\t\t\t<p><strong><u>La mer :<br \/><\/u><\/strong><\/p><p>(Les plages espagnoles sont plus s\u00e9curisantes pour les enfants que les portugaises. C\u2019est l\u2019Atlantique et le courant est tr\u00e8s fort au Portugal et plus sauvage)<strong><u><br \/><\/u><\/strong><\/p><p><strong>A 40 min<\/strong>, le littoral portugais vous attend \u00e0 Caminha ou Moledo. Le voyage en train depuis Valen\u00e7a est un r\u00e9gal. La ligne ferroviaire longe la mer.<br \/><strong><br \/>A 30 min, <\/strong>VIGO (Espagne), la plage de Samil est tr\u00e8s agr\u00e9able et s\u00e9curisante pour les enfants avec un chemin pav\u00e9 et des bars agr\u00e9ables le long.<\/p><p>Baiona est ma plage pr\u00e9f\u00e9r\u00e9e avec son tr\u00e8s beau Parador (h\u00f4tel) pour prendre un verre sur la terrasse agr\u00e9able. <\/p><p>Promenade accessible de 30 min autour du Parador. Location possible de v\u00e9los dans la rue principale. 35 km de piste cyclable le long de la c\u00f4te. Superbe.<\/p><p><strong>Pedalaria :<\/strong> https:\/\/lapedaleria.es\/ loue des v\u00e9los pour petits et grands. 30 km de pistes cyclables.<\/p><p><strong>A faire :<\/strong> voyage en train de Valen\u00e7a (20 km) jusque Viana do Castelo (100 KM) avec visite de sa c\u00e9l\u00e8bre gare, le funiculaire pour la basilique Santa Lucia et un repas \u00e0 la superbe poussada de Viana (restaurant grand luxe).<\/p>\t\t\t\t\t\t<\/div>\n\t\t\t\t<\/div>\n\t\t\t\t<div class=\"elementor-element elementor-element-0403ab7 elementor-widget elementor-widget-text-editor\" data-id=\"0403ab7\" data-element_type=\"widget\" data-widget_type=\"text-editor.default\">\n\t\t\t\t<div class=\"elementor-widget-container\">\n\t\t\t\t\t\t\t<p><strong><u>L\u2019Espagne est \u00e0 15 km :<br \/><\/u><\/strong>C\u00f4t\u00e9 espagnol, vous pourrez aller d\u00e9couvrir les plages de Vigo, Nigran ou \u00e0 la belle ville de Baiona (plage, histoire et son superbe h\u00f4tel Le Parador)<\/p>\t\t\t\t\t\t<\/div>\n\t\t\t\t<\/div>\n\t\t\t\t\t<\/div>\n\t\t<\/div>\n\t\t\t\t<div class=\"elementor-column elementor-col-50 elementor-top-column elementor-element elementor-element-5e6b93ca\" data-id=\"5e6b93ca\" data-element_type=\"column\">\n\t\t\t<div class=\"elementor-widget-wrap elementor-element-populated\">\n\t\t\t\t\t\t<div class=\"elementor-element elementor-element-3bc2a312 elementor-widget elementor-widget-heading\" data-id=\"3bc2a312\" data-element_type=\"widget\" data-widget_type=\"heading.default\">\n\t\t\t\t<div class=\"elementor-widget-container\">\n\t\t\t<h4 class=\"elementor-heading-title elementor-size-default\">Pour arriver chez nous<\/h4>\t\t<\/div>\n\t\t\t\t<\/div>\n\t\t\t\t<div class=\"elementor-element elementor-element-1542fba elementor-widget elementor-widget-text-editor\" data-id=\"1542fba\" data-element_type=\"widget\" data-widget_type=\"text-editor.default\">\n\t\t\t\t<div class=\"elementor-widget-container\">\n\t\t\t\t\t\t\t<ul><li><strong>En avion<\/strong> :<br \/>A\u00e9roport de Porto est \u00e0 150 km avec une formule de bus (10\u20ac) jusque Valen\u00e7a. Ensuite un taxi jusqu\u2019\u00e0 Badim. Location de voiture possible depuis l\u2019a\u00e9roport.<br \/>A\u00e9roport de Vigo est \u00e0 40 min (Espagne)<\/li><li><strong>En train :<\/strong> <br \/>La gare la plus proche est Valen\u00e7a (30 km) au Portugal ou Salvaterra do Minho en Espagne.<\/li><li><strong>En voiture :<\/strong> <br \/>Il y a un parking sur place qui n\u2019est pas gard\u00e9.<br \/>Si vous louez une voiture, sachez que les loueurs de voiture ne permettent pas toujours de passer les fronti\u00e8res. Regardez vos contrats.<\/li><li><strong>A moto :<\/strong> nous avons de la place pour ranger votre moto dans un lieu ferm\u00e9. Place pour une moto.<\/li><li>\u00a0<strong>A v\u00e9lo :<\/strong> parking v\u00e9lo \u00e0 l\u2019abris et ferm\u00e9.<\/li><\/ul>\t\t\t\t\t\t<\/div>\n\t\t\t\t<\/div>\n\t\t\t\t<div class=\"elementor-element elementor-element-1989d80d elementor-widget elementor-widget-text-editor\" data-id=\"1989d80d\" data-element_type=\"widget\" data-widget_type=\"text-editor.default\">\n\t\t\t\t<div class=\"elementor-widget-container\">\n\t\t\t\t\t\t\t<iframe src=\"https:\/\/www.google.com\/maps\/embed?pb=!1m18!1m12!1m3!1d23696.94581568456!2d-8.38256995258576!3d42.06208516972794!2m3!1f0!2f0!3f0!3m2!1i1024!2i768!4f13.1!3m3!1m2!1s0xd2570e36002131f%3A0xb5d658be32e3ada6!2sCeiv%C3%A3es%20e%20Badim%2C%20Portugal!5e0!3m2!1sfr!2sfr!4v1701254283725!5m2!1sfr!2sfr\" width=\"100%\" height=\"450\" style=\"border:0;\" allowfullscreen=\"\" loading=\"lazy\" referrerpolicy=\"no-referrer-when-downgrade\"><\/iframe>\t\t\t\t\t\t<\/div>\n\t\t\t\t<\/div>\n\t\t\t\t\t<\/div>\n\t\t<\/div>\n\t\t\t\t\t<\/div>\n\t\t<\/section>\n\t\t\t\t<section class=\"elementor-section elementor-top-section elementor-element elementor-element-6150fc89 elementor-section-boxed elementor-section-height-default elementor-section-height-default\" data-id=\"6150fc89\" data-element_type=\"section\">\n\t\t\t\t\t\t<div class=\"elementor-container elementor-column-gap-default\">\n\t\t\t\t\t<div class=\"elementor-column elementor-col-100 elementor-top-column elementor-element elementor-element-725b4ca7\" data-id=\"725b4ca7\" data-element_type=\"column\">\n\t\t\t<div class=\"elementor-widget-wrap elementor-element-populated\">\n\t\t\t\t\t\t<div class=\"elementor-element elementor-element-49e70300 elementor-widget-divider--view-line elementor-widget elementor-widget-divider\" data-id=\"49e70300\" data-element_type=\"widget\" data-widget_type=\"divider.default\">\n\t\t\t\t<div class=\"elementor-widget-container\">\n\t\t\t\t\t<div class=\"elementor-divider\">\n\t\t\t<span class=\"elementor-divider-separator\">\n\t\t\t\t\t\t<\/span>\n\t\t<\/div>\n\t\t\t\t<\/div>\n\t\t\t\t<\/div>\n\t\t\t\t<div class=\"elementor-element elementor-element-2b000cfa elementor-widget elementor-widget-shortcode\" data-id=\"2b000cfa\" data-element_type=\"widget\" data-widget_type=\"shortcode.default\">\n\t\t\t\t<div class=\"elementor-widget-container\">\n\t\t\t\t\t<div class=\"elementor-shortcode\"><\/div>\n\t\t\t\t<\/div>\n\t\t\t\t<\/div>\n\t\t\t\t\t<\/div>\n\t\t<\/div>\n\t\t\t\t\t<\/div>\n\t\t<\/section>\n\t\t\t\t<\/div>\n\t\t","protected":false},"excerpt":{"rendered":"<p>Prochaines dates des cures Gaps 2024 Du Samedi 17 Ao\u00fbt 2024 au Samedi 24 ao\u00fbt 2024 Du Samedi 31 Ao\u00fbt 2024 au Samedi 7 Septembre 2024 2-4 Personnes Petit-d\u00e9jeuner Wifi Parking Vous \u00eates parents d\u2019un enfant diff\u00e9rent, autiste ou avec un autre souci de sant\u00e9. Vous avez vous-m\u00eames des troubles d\u2019attention ou d\u2019organisation. Vous avez [&hellip;]<\/p>\n","protected":false},"author":1,"featured_media":0,"comment_status":"open","ping_status":"open","sticky":false,"template":"elementor_header_footer","format":"standard","meta":{"_jetpack_memberships_contains_paid_content":false,"footnotes":""},"categories":[54],"tags":[],"class_list":["post-3634","post","type-post","status-publish","format-standard","hentry","category-les-cures"],"jetpack_sharing_enabled":true,"jetpack_featured_media_url":"","_links":{"self":[{"href":"https:\/\/orefugionasvinhas.com\/fr\/wp-json\/wp\/v2\/posts\/3634","targetHints":{"allow":["GET"]}}],"collection":[{"href":"https:\/\/orefugionasvinhas.com\/fr\/wp-json\/wp\/v2\/posts"}],"about":[{"href":"https:\/\/orefugionasvinhas.com\/fr\/wp-json\/wp\/v2\/types\/post"}],"author":[{"embeddable":true,"href":"https:\/\/orefugionasvinhas.com\/fr\/wp-json\/wp\/v2\/users\/1"}],"replies":[{"embeddable":true,"href":"https:\/\/orefugionasvinhas.com\/fr\/wp-json\/wp\/v2\/comments?post=3634"}],"version-history":[{"count":77,"href":"https:\/\/orefugionasvinhas.com\/fr\/wp-json\/wp\/v2\/posts\/3634\/revisions"}],"predecessor-version":[{"id":4420,"href":"https:\/\/orefugionasvinhas.com\/fr\/wp-json\/wp\/v2\/posts\/3634\/revisions\/4420"}],"wp:attachment":[{"href":"https:\/\/orefugionasvinhas.com\/fr\/wp-json\/wp\/v2\/media?parent=3634"}],"wp:term":[{"taxonomy":"category","embeddable":true,"href":"https:\/\/orefugionasvinhas.com\/fr\/wp-json\/wp\/v2\/categories?post=3634"},{"taxonomy":"post_tag","embeddable":true,"href":"https:\/\/orefugionasvinhas.com\/fr\/wp-json\/wp\/v2\/tags?post=3634"}],"curies":[{"name":"wp","href":"https:\/\/api.w.org\/{rel}","templated":true}]}}