{"id":3630,"date":"2023-11-27T19:17:44","date_gmt":"2023-11-27T18:17:44","guid":{"rendered":"https:\/\/orefugionasvinhas.com\/?p=3630"},"modified":"2023-12-01T17:12:01","modified_gmt":"2023-12-01T16:12:01","slug":"energie","status":"publish","type":"post","link":"https:\/\/orefugionasvinhas.com\/pt\/energie\/","title":{"rendered":"Energia ++"},"content":{"rendered":"<div data-elementor-type=\"wp-post\" data-elementor-id=\"3630\" class=\"elementor elementor-3630\" data-elementor-post-type=\"post\">\n\t\t\t\t\t\t<section class=\"elementor-section elementor-top-section elementor-element elementor-element-53af6630 elementor-section-full_width elementor-section-stretched elementor-section-height-default elementor-section-height-default\" data-id=\"53af6630\" data-element_type=\"section\" data-settings=\"{&quot;stretch_section&quot;:&quot;section-stretched&quot;,&quot;background_background&quot;:&quot;classic&quot;}\">\n\t\t\t\t\t\t<div class=\"elementor-container elementor-column-gap-no\">\n\t\t\t\t\t<div class=\"elementor-column elementor-col-100 elementor-top-column elementor-element elementor-element-1a962d25\" data-id=\"1a962d25\" data-element_type=\"column\">\n\t\t\t<div class=\"elementor-widget-wrap elementor-element-populated\">\n\t\t\t\t\t\t<div class=\"elementor-element elementor-element-ddc30c3 elementor--h-position-center elementor--v-position-middle elementor-arrows-position-inside elementor-pagination-position-inside elementor-widget elementor-widget-slides\" data-id=\"ddc30c3\" data-element_type=\"widget\" data-settings=\"{&quot;navigation&quot;:&quot;both&quot;,&quot;autoplay&quot;:&quot;yes&quot;,&quot;pause_on_hover&quot;:&quot;yes&quot;,&quot;pause_on_interaction&quot;:&quot;yes&quot;,&quot;autoplay_speed&quot;:5000,&quot;infinite&quot;:&quot;yes&quot;,&quot;transition&quot;:&quot;slide&quot;,&quot;transition_speed&quot;:500}\" data-widget_type=\"slides.default\">\n\t\t\t\t<div class=\"elementor-widget-container\">\n\t\t\t\t\t<div class=\"elementor-swiper\">\n\t\t\t<div class=\"elementor-slides-wrapper elementor-main-swiper swiper\" dir=\"ltr\" data-animation=\"fadeInUp\">\n\t\t\t\t<div class=\"swiper-wrapper elementor-slides\">\n\t\t\t\t\t\t\t\t\t\t<div class=\"elementor-repeater-item-a547e5d swiper-slide\"><div class=\"swiper-slide-bg elementor-ken-burns elementor-ken-burns--in\" role=\"img\"><\/div><div class=\"elementor-background-overlay\"><\/div><div class=\"swiper-slide-inner\" ><div class=\"swiper-slide-contents\"><div class=\"elementor-slide-heading\">Energia ++<\/div><\/div><\/div><\/div>\t\t\t\t<\/div>\n\t\t\t\t\t\t\t<\/div>\n\t\t<\/div>\n\t\t\t\t<\/div>\n\t\t\t\t<\/div>\n\t\t\t\t\t<\/div>\n\t\t<\/div>\n\t\t\t\t\t<\/div>\n\t\t<\/section>\n\t\t\t\t<section class=\"elementor-section elementor-top-section elementor-element elementor-element-7e6e2bd5 elementor-section-boxed elementor-section-height-default elementor-section-height-default\" data-id=\"7e6e2bd5\" data-element_type=\"section\">\n\t\t\t\t\t\t<div class=\"elementor-container elementor-column-gap-default\">\n\t\t\t\t\t<div class=\"elementor-column elementor-col-50 elementor-top-column elementor-element elementor-element-1837e00f\" data-id=\"1837e00f\" data-element_type=\"column\">\n\t\t\t<div class=\"elementor-widget-wrap elementor-element-populated\">\n\t\t\t\t\t\t<div class=\"elementor-element elementor-element-63e16385 elementor-icon-list--layout-inline elementor-list-item-link-full_width elementor-widget elementor-widget-icon-list\" data-id=\"63e16385\" data-element_type=\"widget\" data-widget_type=\"icon-list.default\">\n\t\t\t\t<div class=\"elementor-widget-container\">\n\t\t\t\t\t<ul class=\"elementor-icon-list-items elementor-inline-items\">\n\t\t\t\t\t\t\t<li class=\"elementor-icon-list-item elementor-inline-item\">\n\t\t\t\t\t\t\t\t\t\t\t<span class=\"elementor-icon-list-icon\">\n\t\t\t\t\t\t\t<i aria-hidden=\"true\" class=\"fas fa-user-friends\"><\/i>\t\t\t\t\t\t<\/span>\n\t\t\t\t\t\t\t\t\t\t<span class=\"elementor-icon-list-text\">2-4 pessoas<\/span>\n\t\t\t\t\t\t\t\t\t<\/li>\n\t\t\t\t\t\t\t\t<li class=\"elementor-icon-list-item elementor-inline-item\">\n\t\t\t\t\t\t\t\t\t\t\t<span class=\"elementor-icon-list-icon\">\n\t\t\t\t\t\t\t<i aria-hidden=\"true\" class=\"fas fa-coffee\"><\/i>\t\t\t\t\t\t<\/span>\n\t\t\t\t\t\t\t\t\t\t<span class=\"elementor-icon-list-text\">Pequeno-almo\u00e7o <\/span>\n\t\t\t\t\t\t\t\t\t<\/li>\n\t\t\t\t\t\t\t\t<li class=\"elementor-icon-list-item elementor-inline-item\">\n\t\t\t\t\t\t\t\t\t\t\t<span class=\"elementor-icon-list-icon\">\n\t\t\t\t\t\t\t<i aria-hidden=\"true\" class=\"fas fa-wifi\"><\/i>\t\t\t\t\t\t<\/span>\n\t\t\t\t\t\t\t\t\t\t<span class=\"elementor-icon-list-text\">Wifi<\/span>\n\t\t\t\t\t\t\t\t\t<\/li>\n\t\t\t\t\t\t\t\t<li class=\"elementor-icon-list-item elementor-inline-item\">\n\t\t\t\t\t\t\t\t\t\t\t<span class=\"elementor-icon-list-icon\">\n\t\t\t\t\t\t\t<i aria-hidden=\"true\" class=\"fas fa-car\"><\/i>\t\t\t\t\t\t<\/span>\n\t\t\t\t\t\t\t\t\t\t<span class=\"elementor-icon-list-text\">Parque de estacionamento<\/span>\n\t\t\t\t\t\t\t\t\t<\/li>\n\t\t\t\t\t\t<\/ul>\n\t\t\t\t<\/div>\n\t\t\t\t<\/div>\n\t\t\t\t<div class=\"elementor-element elementor-element-46cd4e5f elementor-widget-divider--view-line elementor-widget elementor-widget-divider\" data-id=\"46cd4e5f\" data-element_type=\"widget\" data-widget_type=\"divider.default\">\n\t\t\t\t<div class=\"elementor-widget-container\">\n\t\t\t\t\t<div class=\"elementor-divider\">\n\t\t\t<span class=\"elementor-divider-separator\">\n\t\t\t\t\t\t<\/span>\n\t\t<\/div>\n\t\t\t\t<\/div>\n\t\t\t\t<\/div>\n\t\t\t\t<div class=\"elementor-element elementor-element-4e775c8e elementor-widget elementor-widget-text-editor\" data-id=\"4e775c8e\" data-element_type=\"widget\" data-widget_type=\"text-editor.default\">\n\t\t\t\t<div class=\"elementor-widget-container\">\n\t\t\t\t\t\t\t<p>Gostaria de limpar o seu corpo e come\u00e7ar de novo? Posso propor-lhe uma semana de cura ENERGIE ++ (de s\u00e1bado a s\u00e1bado). Esta semana consiste essencialmente numa boa alimenta\u00e7\u00e3o e no repouso. Como nutricionista e higienista, terei todo o gosto em receb\u00ea-lo e juntos comeremos \"saudavelmente\" com menus de f\u00e1cil digest\u00e3o para limpar o seu organismo. Comida, descanso e natureza ser\u00e3o os ingredientes desta semana de fitness. Evidentemente, discutiremos quaisquer restri\u00e7\u00f5es alimentares que possa ter. Eu encarrego-me das 3 refei\u00e7\u00f5es do dia e o cliente gere o seu tempo entre as refei\u00e7\u00f5es, explorando a zona e fazendo o exerc\u00edcio f\u00edsico adequado. As duas casas est\u00e3o reservadas para receber os h\u00f3spedes. A cura \u00e9 mantida se as duas casas forem alugadas.<\/p>\t\t\t\t\t\t<\/div>\n\t\t\t\t<\/div>\n\t\t\t\t<div class=\"elementor-element elementor-element-500b9a6b elementor-widget-divider--view-line elementor-widget elementor-widget-divider\" data-id=\"500b9a6b\" data-element_type=\"widget\" data-widget_type=\"divider.default\">\n\t\t\t\t<div class=\"elementor-widget-container\">\n\t\t\t\t\t<div class=\"elementor-divider\">\n\t\t\t<span class=\"elementor-divider-separator\">\n\t\t\t\t\t\t<\/span>\n\t\t<\/div>\n\t\t\t\t<\/div>\n\t\t\t\t<\/div>\n\t\t\t\t<div class=\"elementor-element elementor-element-314a57a9 elementor-widget elementor-widget-heading\" data-id=\"314a57a9\" data-element_type=\"widget\" data-widget_type=\"heading.default\">\n\t\t\t\t<div class=\"elementor-widget-container\">\n\t\t\t<h2 class=\"elementor-heading-title elementor-size-default\">Galeria<\/h2>\t\t<\/div>\n\t\t\t\t<\/div>\n\t\t\t\t<div class=\"elementor-element elementor-element-6251c952 gallery-spacing-custom elementor-widget elementor-widget-image-gallery\" data-id=\"6251c952\" data-element_type=\"widget\" data-widget_type=\"image-gallery.default\">\n\t\t\t\t<div class=\"elementor-widget-container\">\n\t\t\t\t\t<div class=\"elementor-image-gallery\">\n\t\t\t<div id='gallery-1' class='gallery galleryid-3630 gallery-columns-4 gallery-size-woocommerce_thumbnail'><figure class='gallery-item'>\n\t\t\t<div class='gallery-icon portrait'>\n\t\t\t\t<a data-elementor-open-lightbox=\"yes\" data-elementor-lightbox-slideshow=\"6251c952\" data-elementor-lightbox-title=\"NR101036_web\" data-e-action-hash=\"#elementor-action%3Aaction%3Dlightbox%26settings%3DeyJpZCI6MzA2MiwidXJsIjoiaHR0cHM6XC9cL29yZWZ1Z2lvbmFzdmluaGFzLmNvbVwvd3AtY29udGVudFwvdXBsb2Fkc1wvMjAyM1wvMDVcL05SMTAxMDM2X3dlYi1zY2FsZWQuanBnIiwic2xpZGVzaG93IjoiNjI1MWM5NTIifQ%3D%3D\" href='https:\/\/orefugionasvinhas.com\/wp-content\/uploads\/2023\/05\/NR101036_web-scaled.jpg'><img fetchpriority=\"high\" decoding=\"async\" width=\"300\" height=\"300\" src=\"https:\/\/orefugionasvinhas.com\/wp-content\/uploads\/2023\/05\/NR101036_web-300x300.jpg\" class=\"attachment-woocommerce_thumbnail size-woocommerce_thumbnail\" alt=\"\" srcset=\"https:\/\/orefugionasvinhas.com\/wp-content\/uploads\/2023\/05\/NR101036_web-300x300.jpg 300w, https:\/\/orefugionasvinhas.com\/wp-content\/uploads\/2023\/05\/NR101036_web-150x150.jpg 150w, https:\/\/orefugionasvinhas.com\/wp-content\/uploads\/2023\/05\/NR101036_web-100x100.jpg 100w\" sizes=\"(max-width: 300px) 100vw, 300px\" \/><\/a>\n\t\t\t<\/div><\/figure><figure class='gallery-item'>\n\t\t\t<div class='gallery-icon landscape'>\n\t\t\t\t<a data-elementor-open-lightbox=\"yes\" data-elementor-lightbox-slideshow=\"6251c952\" data-elementor-lightbox-title=\"NR101049_web\" data-e-action-hash=\"#elementor-action%3Aaction%3Dlightbox%26settings%3DeyJpZCI6MzA2MCwidXJsIjoiaHR0cHM6XC9cL29yZWZ1Z2lvbmFzdmluaGFzLmNvbVwvd3AtY29udGVudFwvdXBsb2Fkc1wvMjAyM1wvMDVcL05SMTAxMDQ5X3dlYi1zY2FsZWQuanBnIiwic2xpZGVzaG93IjoiNjI1MWM5NTIifQ%3D%3D\" href='https:\/\/orefugionasvinhas.com\/wp-content\/uploads\/2023\/05\/NR101049_web-scaled.jpg'><img decoding=\"async\" width=\"300\" height=\"300\" src=\"https:\/\/orefugionasvinhas.com\/wp-content\/uploads\/2023\/05\/NR101049_web-300x300.jpg\" class=\"attachment-woocommerce_thumbnail size-woocommerce_thumbnail\" alt=\"\" srcset=\"https:\/\/orefugionasvinhas.com\/wp-content\/uploads\/2023\/05\/NR101049_web-300x300.jpg 300w, https:\/\/orefugionasvinhas.com\/wp-content\/uploads\/2023\/05\/NR101049_web-150x150.jpg 150w, https:\/\/orefugionasvinhas.com\/wp-content\/uploads\/2023\/05\/NR101049_web-100x100.jpg 100w\" sizes=\"(max-width: 300px) 100vw, 300px\" \/><\/a>\n\t\t\t<\/div><\/figure><figure class='gallery-item'>\n\t\t\t<div class='gallery-icon landscape'>\n\t\t\t\t<a data-elementor-open-lightbox=\"yes\" data-elementor-lightbox-slideshow=\"6251c952\" data-elementor-lightbox-title=\"NR101048_web\" data-e-action-hash=\"#elementor-action%3Aaction%3Dlightbox%26settings%3DeyJpZCI6MzA1OSwidXJsIjoiaHR0cHM6XC9cL29yZWZ1Z2lvbmFzdmluaGFzLmNvbVwvd3AtY29udGVudFwvdXBsb2Fkc1wvMjAyM1wvMDVcL05SMTAxMDQ4X3dlYi1zY2FsZWQuanBnIiwic2xpZGVzaG93IjoiNjI1MWM5NTIifQ%3D%3D\" href='https:\/\/orefugionasvinhas.com\/wp-content\/uploads\/2023\/05\/NR101048_web-scaled.jpg'><img decoding=\"async\" width=\"300\" height=\"300\" src=\"https:\/\/orefugionasvinhas.com\/wp-content\/uploads\/2023\/05\/NR101048_web-300x300.jpg\" class=\"attachment-woocommerce_thumbnail size-woocommerce_thumbnail\" alt=\"\" srcset=\"https:\/\/orefugionasvinhas.com\/wp-content\/uploads\/2023\/05\/NR101048_web-300x300.jpg 300w, https:\/\/orefugionasvinhas.com\/wp-content\/uploads\/2023\/05\/NR101048_web-150x150.jpg 150w, https:\/\/orefugionasvinhas.com\/wp-content\/uploads\/2023\/05\/NR101048_web-100x100.jpg 100w\" sizes=\"(max-width: 300px) 100vw, 300px\" \/><\/a>\n\t\t\t<\/div><\/figure><figure class='gallery-item'>\n\t\t\t<div class='gallery-icon landscape'>\n\t\t\t\t<a data-elementor-open-lightbox=\"yes\" data-elementor-lightbox-slideshow=\"6251c952\" data-elementor-lightbox-title=\"NR101031_web\" data-e-action-hash=\"#elementor-action%3Aaction%3Dlightbox%26settings%3DeyJpZCI6MzA2MSwidXJsIjoiaHR0cHM6XC9cL29yZWZ1Z2lvbmFzdmluaGFzLmNvbVwvd3AtY29udGVudFwvdXBsb2Fkc1wvMjAyM1wvMDVcL05SMTAxMDMxX3dlYi1zY2FsZWQuanBnIiwic2xpZGVzaG93IjoiNjI1MWM5NTIifQ%3D%3D\" href='https:\/\/orefugionasvinhas.com\/wp-content\/uploads\/2023\/05\/NR101031_web-scaled.jpg'><img loading=\"lazy\" decoding=\"async\" width=\"300\" height=\"300\" src=\"https:\/\/orefugionasvinhas.com\/wp-content\/uploads\/2023\/05\/NR101031_web-300x300.jpg\" class=\"attachment-woocommerce_thumbnail size-woocommerce_thumbnail\" alt=\"\" srcset=\"https:\/\/orefugionasvinhas.com\/wp-content\/uploads\/2023\/05\/NR101031_web-300x300.jpg 300w, https:\/\/orefugionasvinhas.com\/wp-content\/uploads\/2023\/05\/NR101031_web-150x150.jpg 150w, https:\/\/orefugionasvinhas.com\/wp-content\/uploads\/2023\/05\/NR101031_web-100x100.jpg 100w\" sizes=\"(max-width: 300px) 100vw, 300px\" \/><\/a>\n\t\t\t<\/div><\/figure>\n\t\t<\/div>\n\t\t<\/div>\n\t\t\t\t<\/div>\n\t\t\t\t<\/div>\n\t\t\t\t<div class=\"elementor-element elementor-element-5c8074d1 elementor-widget-divider--view-line elementor-widget elementor-widget-divider\" data-id=\"5c8074d1\" data-element_type=\"widget\" data-widget_type=\"divider.default\">\n\t\t\t\t<div class=\"elementor-widget-container\">\n\t\t\t\t\t<div class=\"elementor-divider\">\n\t\t\t<span class=\"elementor-divider-separator\">\n\t\t\t\t\t\t<\/span>\n\t\t<\/div>\n\t\t\t\t<\/div>\n\t\t\t\t<\/div>\n\t\t\t\t<div class=\"elementor-element elementor-element-708cb52 elementor-widget elementor-widget-heading\" data-id=\"708cb52\" data-element_type=\"widget\" data-widget_type=\"heading.default\">\n\t\t\t\t<div class=\"elementor-widget-container\">\n\t\t\t<h2 class=\"elementor-heading-title elementor-size-default\">Equipamento para casas pequenas <\/h2>\t\t<\/div>\n\t\t\t\t<\/div>\n\t\t\t\t<div class=\"elementor-element elementor-element-2039777 elementor-widget elementor-widget-text-editor\" data-id=\"2039777\" data-element_type=\"widget\" data-widget_type=\"text-editor.default\">\n\t\t\t\t<div class=\"elementor-widget-container\">\n\t\t\t\t\t\t\t<ul><li>As casas min\u00fasculas t\u00eam uma cozinha com placa el\u00e9ctrica e frigor\u00edfico.<\/li><li>Uma chaleira com \u00e1gua quente e uma cafeteira.<\/li><li>A casa de banho, que n\u00e3o \u00e9 acess\u00edvel a pessoas com mobilidade reduzida, tem uma sanita, um chuveiro e um lavat\u00f3rio.<\/li><li>Um quarto com cama de casal<\/li><li>Est\u00e1 dispon\u00edvel um sof\u00e1 de 1,40 na sala de estar, convert\u00edvel numa cama.<\/li><li>A casa acomoda um m\u00e1ximo de 4 pessoas.<\/li><li>A roupa de cama e as toalhas est\u00e3o dispon\u00edveis no local.<\/li><li>Os produtos de higiene corporal e de limpeza devem ser absolutamente ecol\u00f3gicos.<\/li><li>2 espregui\u00e7adeiras, uma mesa e duas cadeiras no terra\u00e7o<\/li><\/ul>\t\t\t\t\t\t<\/div>\n\t\t\t\t<\/div>\n\t\t\t\t<div class=\"elementor-element elementor-element-3ea4a59d elementor-widget-divider--view-line elementor-widget elementor-widget-divider\" data-id=\"3ea4a59d\" data-element_type=\"widget\" data-widget_type=\"divider.default\">\n\t\t\t\t<div class=\"elementor-widget-container\">\n\t\t\t\t\t<div class=\"elementor-divider\">\n\t\t\t<span class=\"elementor-divider-separator\">\n\t\t\t\t\t\t<\/span>\n\t\t<\/div>\n\t\t\t\t<\/div>\n\t\t\t\t<\/div>\n\t\t\t\t<div class=\"elementor-element elementor-element-7b2800a3 elementor-widget elementor-widget-heading\" data-id=\"7b2800a3\" data-element_type=\"widget\" data-widget_type=\"heading.default\">\n\t\t\t\t<div class=\"elementor-widget-container\">\n\t\t\t<h4 class=\"elementor-heading-title elementor-size-default\">Poss\u00edveis op\u00e7\u00f5es de aluguer :<\/h4>\t\t<\/div>\n\t\t\t\t<\/div>\n\t\t\t\t<div class=\"elementor-element elementor-element-6971e501 elementor-widget elementor-widget-text-editor\" data-id=\"6971e501\" data-element_type=\"widget\" data-widget_type=\"text-editor.default\">\n\t\t\t\t<div class=\"elementor-widget-container\">\n\t\t\t\t\t\t\t<ul><li>Alugamos casas Tiny por um m\u00ednimo de duas noites<\/li><li>Segunda a sexta-feira: 2 noites por 90 euros<\/li><li>Sexta-feira a domingo: 2 noites por 120 euros<\/li><li>Os pequenos-almo\u00e7os devem ser reservados com anteced\u00eancia e custam 10 euros por pessoa.<\/li><\/ul>\t\t\t\t\t\t<\/div>\n\t\t\t\t<\/div>\n\t\t\t\t\t<\/div>\n\t\t<\/div>\n\t\t\t\t<div class=\"elementor-column elementor-col-50 elementor-top-column elementor-element elementor-element-11741b1c\" data-id=\"11741b1c\" data-element_type=\"column\">\n\t\t\t<div class=\"elementor-widget-wrap elementor-element-populated\">\n\t\t\t\t\t\t<div class=\"elementor-element elementor-element-7aa58a8c elementor-widget elementor-widget-shortcode\" data-id=\"7aa58a8c\" data-element_type=\"widget\" id=\"booking\" data-widget_type=\"shortcode.default\">\n\t\t\t\t<div class=\"elementor-widget-container\">\n\t\t\t\t\t<div class=\"elementor-shortcode\"><\/div>\n\t\t\t\t<\/div>\n\t\t\t\t<\/div>\n\t\t\t\t<div class=\"elementor-element elementor-element-53dbadc7 elementor-widget elementor-widget-text-editor\" data-id=\"53dbadc7\" data-element_type=\"widget\" data-widget_type=\"text-editor.default\">\n\t\t\t\t<div class=\"elementor-widget-container\">\n\t\t\t\t\t\t\t<p><strong><em>Por raz\u00f5es ecol\u00f3gicas, as Tony Houses est\u00e3o equipadas com uma fossa s\u00e9ptica \"org\u00e2nica\" e n\u00e3o podem suportar produtos de casa de banho t\u00f3xicos ou poluentes. Por favor, utilize produtos amigos do ambiente ou utilize os produtos dispon\u00edveis no local.<\/em><\/strong><\/p>\t\t\t\t\t\t<\/div>\n\t\t\t\t<\/div>\n\t\t\t\t\t<\/div>\n\t\t<\/div>\n\t\t\t\t\t<\/div>\n\t\t<\/section>\n\t\t\t\t<section class=\"elementor-section elementor-top-section elementor-element elementor-element-cb341b elementor-section-boxed elementor-section-height-default elementor-section-height-default\" data-id=\"cb341b\" data-element_type=\"section\">\n\t\t\t\t\t\t<div class=\"elementor-container elementor-column-gap-default\">\n\t\t\t\t\t<div class=\"elementor-column elementor-col-100 elementor-top-column elementor-element elementor-element-46e464b2\" data-id=\"46e464b2\" data-element_type=\"column\">\n\t\t\t<div class=\"elementor-widget-wrap elementor-element-populated\">\n\t\t\t\t\t\t<div class=\"elementor-element elementor-element-1455197a elementor-widget-divider--view-line elementor-widget elementor-widget-divider\" data-id=\"1455197a\" data-element_type=\"widget\" data-widget_type=\"divider.default\">\n\t\t\t\t<div class=\"elementor-widget-container\">\n\t\t\t\t\t<div class=\"elementor-divider\">\n\t\t\t<span class=\"elementor-divider-separator\">\n\t\t\t\t\t\t<\/span>\n\t\t<\/div>\n\t\t\t\t<\/div>\n\t\t\t\t<\/div>\n\t\t\t\t\t<\/div>\n\t\t<\/div>\n\t\t\t\t\t<\/div>\n\t\t<\/section>\n\t\t\t\t<section class=\"elementor-section elementor-top-section elementor-element elementor-element-5ab5819c elementor-section-boxed elementor-section-height-default elementor-section-height-default\" data-id=\"5ab5819c\" data-element_type=\"section\">\n\t\t\t\t\t\t<div class=\"elementor-container elementor-column-gap-no\">\n\t\t\t\t\t<div class=\"elementor-column elementor-col-50 elementor-top-column elementor-element elementor-element-600211f3\" data-id=\"600211f3\" data-element_type=\"column\">\n\t\t\t<div class=\"elementor-widget-wrap elementor-element-populated\">\n\t\t\t\t\t\t<div class=\"elementor-element elementor-element-17e337a8 elementor-widget elementor-widget-heading\" data-id=\"17e337a8\" data-element_type=\"widget\" data-widget_type=\"heading.default\">\n\t\t\t\t<div class=\"elementor-widget-container\">\n\t\t\t<h4 class=\"elementor-heading-title elementor-size-default\">Locais a visitar na zona<\/h4>\t\t<\/div>\n\t\t\t\t<\/div>\n\t\t\t\t<div class=\"elementor-element elementor-element-44494747 elementor-widget elementor-widget-text-editor\" data-id=\"44494747\" data-element_type=\"widget\" data-widget_type=\"text-editor.default\">\n\t\t\t\t<div class=\"elementor-widget-container\">\n\t\t\t\t\t\t\t<ul><li>Na aldeia, num percurso sinalizado: a Capela no cimo da colina (2 horas)<\/li><li>A aldeia \u00e9 f\u00e1cil de explorar a p\u00e9 e temos um circuito de 20 minutos \u00e0 volta das Tiny Houses.<\/li><\/ul>\t\t\t\t\t\t<\/div>\n\t\t\t\t<\/div>\n\t\t\t\t<div class=\"elementor-element elementor-element-a8c6467 elementor-widget elementor-widget-text-editor\" data-id=\"a8c6467\" data-element_type=\"widget\" data-widget_type=\"text-editor.default\">\n\t\t\t\t<div class=\"elementor-widget-container\">\n\t\t\t\t\t\t\t<p>A 5 km: Pedro Macau, praia fluvial com passeio de palafitas e visita \u00e0 aldeia de Pedro Macau<\/p>\t\t\t\t\t\t<\/div>\n\t\t\t\t<\/div>\n\t\t\t\t<div class=\"elementor-element elementor-element-7f03132f elementor-widget elementor-widget-text-editor\" data-id=\"7f03132f\" data-element_type=\"widget\" data-widget_type=\"text-editor.default\">\n\t\t\t\t<div class=\"elementor-widget-container\">\n\t\t\t\t\t\t\t<p><strong>Mon\u00e7\u00e3o :<\/strong> <br \/>15 km Visita \u00e0 cidade de Mon\u00e7\u00e3o, passeio \u00e0 beira-rio, restaurante, bar, sal\u00e3o de baile.<\/p><p><strong>Quinta da Brejoeira<\/strong> Museu nacional e prova de vinhos da quinta. <br \/>Museu dos s\u00edtios celtas da regi\u00e3o <br \/>Museu do Alvarinho<\/p>\t\t\t\t\t\t<\/div>\n\t\t\t\t<\/div>\n\t\t\t\t<div class=\"elementor-element elementor-element-321fee30 elementor-widget elementor-widget-text-editor\" data-id=\"321fee30\" data-element_type=\"widget\" data-widget_type=\"text-editor.default\">\n\t\t\t\t<div class=\"elementor-widget-container\">\n\t\t\t\t\t\t\t<p><strong><u>O mar :<br \/><\/u><\/strong><\/p><p><strong>(As praias espanholas s\u00e3o mais seguras para as crian\u00e7as do que as portuguesas. \u00c9 o Atl\u00e2ntico e a corrente \u00e9 muito forte em Portugal e mais selvagem)<u><\/u><u><br \/><\/u><\/strong><\/p><p><strong>A 40 min<\/strong>O litoral portugu\u00eas espera por si em Caminha ou Moledo. A viagem de comboio a partir de Valen\u00e7a \u00e9 uma del\u00edcia. A linha de comboio passa ao lado do mar.<br \/><strong>A 30 min<\/strong> Em Vigo (Espanha), a praia de Samil \u00e9 muito agrad\u00e1vel, com um caminho pavimentado e bares agrad\u00e1veis ao longo do percurso. <br \/><br \/>Muitos parques de estacionamento gratuitos, mas muito cheios aos domingos. No ver\u00e3o, \u00e9 preciso chegar cedo.<br \/>Baiona \u00e9 a minha preferida, com o seu magn\u00edfico Parador, onde se pode tomar uma bebida no terra\u00e7o e passear pela cidade (30 minutos). <br \/><strong><br \/>Pedalaria :<\/strong> https:\/\/lapedaleria.es\/ aluga bicicletas para jovens e idosos. 30 km de ciclovias.<\/p><p><strong>Para fazer :<\/strong> Viagem de comboio de Valen\u00e7a (20 km) para Viana do Castelo (100 KM) com visita \u00e0 sua famosa esta\u00e7\u00e3o, ao funicular para a bas\u00edlica de Santa Luzia e uma refei\u00e7\u00e3o na soberba poussada de Viana (restaurante de luxo).<\/p>\t\t\t\t\t\t<\/div>\n\t\t\t\t<\/div>\n\t\t\t\t<div class=\"elementor-element elementor-element-49c2ce05 elementor-widget elementor-widget-text-editor\" data-id=\"49c2ce05\" data-element_type=\"widget\" data-widget_type=\"text-editor.default\">\n\t\t\t\t<div class=\"elementor-widget-container\">\n\t\t\t\t\t\t\t<p><strong><u>Espanha fica a 15 km de dist\u00e2ncia:<br \/><\/u><\/strong>Do lado espanhol, pode descobrir as praias de Vigo, Nigran ou a bela cidade de Baiona (praia, hist\u00f3ria e o seu soberbo hotel Le Parador).<\/p>\t\t\t\t\t\t<\/div>\n\t\t\t\t<\/div>\n\t\t\t\t\t<\/div>\n\t\t<\/div>\n\t\t\t\t<div class=\"elementor-column elementor-col-50 elementor-top-column elementor-element elementor-element-6288f9e6\" data-id=\"6288f9e6\" data-element_type=\"column\">\n\t\t\t<div class=\"elementor-widget-wrap elementor-element-populated\">\n\t\t\t\t\t\t<div class=\"elementor-element elementor-element-6e8f597e elementor-widget elementor-widget-heading\" data-id=\"6e8f597e\" data-element_type=\"widget\" data-widget_type=\"heading.default\">\n\t\t\t\t<div class=\"elementor-widget-container\">\n\t\t\t<h4 class=\"elementor-heading-title elementor-size-default\">Para nos contactar<\/h4>\t\t<\/div>\n\t\t\t\t<\/div>\n\t\t\t\t<div class=\"elementor-element elementor-element-7c07480b elementor-widget elementor-widget-text-editor\" data-id=\"7c07480b\" data-element_type=\"widget\" data-widget_type=\"text-editor.default\">\n\t\t\t\t<div class=\"elementor-widget-container\">\n\t\t\t\t\t\t\t<ul><li><strong>De avi\u00e3o<\/strong> :<br \/>O aeroporto do Porto fica a 150 km, com um servi\u00e7o de autocarro (10 euros) para Valen\u00e7a. Depois um t\u00e1xi para Badim. O aluguer de autom\u00f3veis est\u00e1 dispon\u00edvel no aeroporto.<br \/>O aeroporto de Vigo fica a 40 minutos de dist\u00e2ncia (Espanha)<\/li><li><strong>De comboio :<\/strong> <br \/>A esta\u00e7\u00e3o mais pr\u00f3xima \u00e9 Valen\u00e7a (30 km) em Portugal ou Salvaterra do Minho em Espanha.<\/li><li><strong>De carro :<\/strong> <br \/>Existe um parque de estacionamento sem vigil\u00e2ncia no local. A zona \u00e9 tranquila e segura. <br \/>Se alugar um autom\u00f3vel, saiba que as empresas de aluguer de autom\u00f3veis nem sempre permitem a passagem das fronteiras. Verifique os seus contratos.<\/li><li><strong>Motociclos:<\/strong> dispomos de um espa\u00e7o para guardar a sua mota num local fechado. Espa\u00e7o para uma mota.<\/li><li>\u00a0<strong>De bicicleta :<\/strong> estacionamento fechado e protegido para bicicletas.<\/li><\/ul>\t\t\t\t\t\t<\/div>\n\t\t\t\t<\/div>\n\t\t\t\t<div class=\"elementor-element elementor-element-19e1876 elementor-widget elementor-widget-text-editor\" data-id=\"19e1876\" data-element_type=\"widget\" data-widget_type=\"text-editor.default\">\n\t\t\t\t<div class=\"elementor-widget-container\">\n\t\t\t\t\t\t\t<iframe src=\"https:\/\/www.google.com\/maps\/embed?pb=!1m18!1m12!1m3!1d23696.94581568456!2d-8.38256995258576!3d42.06208516972794!2m3!1f0!2f0!3f0!3m2!1i1024!2i768!4f13.1!3m3!1m2!1s0xd2570e36002131f%3A0xb5d658be32e3ada6!2sCeiv%C3%A3es%20e%20Badim%2C%20Portugal!5e0!3m2!1sfr!2sfr!4v1701254283725!5m2!1sfr!2sfr\" width=\"100%\" height=\"450\" style=\"border:0;\" allowfullscreen=\"\" loading=\"lazy\" referrerpolicy=\"no-referrer-when-downgrade\"><\/iframe>\t\t\t\t\t\t<\/div>\n\t\t\t\t<\/div>\n\t\t\t\t\t<\/div>\n\t\t<\/div>\n\t\t\t\t\t<\/div>\n\t\t<\/section>\n\t\t\t\t<section class=\"elementor-section elementor-top-section elementor-element elementor-element-1f355dbd elementor-section-boxed elementor-section-height-default elementor-section-height-default\" data-id=\"1f355dbd\" data-element_type=\"section\">\n\t\t\t\t\t\t<div class=\"elementor-container elementor-column-gap-default\">\n\t\t\t\t\t<div class=\"elementor-column elementor-col-100 elementor-top-column elementor-element elementor-element-2362be5f\" data-id=\"2362be5f\" data-element_type=\"column\">\n\t\t\t<div class=\"elementor-widget-wrap elementor-element-populated\">\n\t\t\t\t\t\t<div class=\"elementor-element elementor-element-727bacec elementor-widget-divider--view-line elementor-widget elementor-widget-divider\" data-id=\"727bacec\" data-element_type=\"widget\" data-widget_type=\"divider.default\">\n\t\t\t\t<div class=\"elementor-widget-container\">\n\t\t\t\t\t<div class=\"elementor-divider\">\n\t\t\t<span class=\"elementor-divider-separator\">\n\t\t\t\t\t\t<\/span>\n\t\t<\/div>\n\t\t\t\t<\/div>\n\t\t\t\t<\/div>\n\t\t\t\t<div class=\"elementor-element elementor-element-16192ff8 elementor-widget elementor-widget-shortcode\" data-id=\"16192ff8\" data-element_type=\"widget\" data-widget_type=\"shortcode.default\">\n\t\t\t\t<div class=\"elementor-widget-container\">\n\t\t\t\t\t<div class=\"elementor-shortcode\"><\/div>\n\t\t\t\t<\/div>\n\t\t\t\t<\/div>\n\t\t\t\t\t<\/div>\n\t\t<\/div>\n\t\t\t\t\t<\/div>\n\t\t<\/section>\n\t\t\t\t<\/div>","protected":false},"excerpt":{"rendered":"<p>2-4 pessoas Pequeno-almo\u00e7o Wifi Parque de estacionamento Apetece-lhe limpar o seu corpo e come\u00e7ar bem o dia? Posso propor-lhe uma semana de cura ENERGIE ++ (de s\u00e1bado a s\u00e1bado). Esta semana consiste essencialmente numa boa alimenta\u00e7\u00e3o e no repouso. Como sou nutricionista, terei todo o gosto em receb\u00ea-lo e juntos comeremos [...].<\/p>","protected":false},"author":1,"featured_media":0,"comment_status":"open","ping_status":"open","sticky":false,"template":"elementor_header_footer","format":"standard","meta":{"_jetpack_memberships_contains_paid_content":false,"footnotes":""},"categories":[54],"tags":[],"class_list":["post-3630","post","type-post","status-publish","format-standard","hentry","category-les-cures"],"jetpack_sharing_enabled":true,"jetpack_featured_media_url":"","_links":{"self":[{"href":"https:\/\/orefugionasvinhas.com\/pt\/wp-json\/wp\/v2\/posts\/3630","targetHints":{"allow":["GET"]}}],"collection":[{"href":"https:\/\/orefugionasvinhas.com\/pt\/wp-json\/wp\/v2\/posts"}],"about":[{"href":"https:\/\/orefugionasvinhas.com\/pt\/wp-json\/wp\/v2\/types\/post"}],"author":[{"embeddable":true,"href":"https:\/\/orefugionasvinhas.com\/pt\/wp-json\/wp\/v2\/users\/1"}],"replies":[{"embeddable":true,"href":"https:\/\/orefugionasvinhas.com\/pt\/wp-json\/wp\/v2\/comments?post=3630"}],"version-history":[{"count":10,"href":"https:\/\/orefugionasvinhas.com\/pt\/wp-json\/wp\/v2\/posts\/3630\/revisions"}],"predecessor-version":[{"id":3810,"href":"https:\/\/orefugionasvinhas.com\/pt\/wp-json\/wp\/v2\/posts\/3630\/revisions\/3810"}],"wp:attachment":[{"href":"https:\/\/orefugionasvinhas.com\/pt\/wp-json\/wp\/v2\/media?parent=3630"}],"wp:term":[{"taxonomy":"category","embeddable":true,"href":"https:\/\/orefugionasvinhas.com\/pt\/wp-json\/wp\/v2\/categories?post=3630"},{"taxonomy":"post_tag","embeddable":true,"href":"https:\/\/orefugionasvinhas.com\/pt\/wp-json\/wp\/v2\/tags?post=3630"}],"curies":[{"name":"wp","href":"https:\/\/api.w.org\/{rel}","templated":true}]}}